{"id":3653,"date":"2010-04-07T18:44:50","date_gmt":"2010-04-07T16:44:50","guid":{"rendered":"http:\/\/www.jingleweb.nl\/?p=3653"},"modified":"2010-04-16T20:14:10","modified_gmt":"2010-04-16T18:14:10","slug":"17-april-we-kunnen-het-toch-proberen","status":"publish","type":"post","link":"https:\/\/www.jingleweb.nl\/index.php\/2010\/04\/07\/17-april-we-kunnen-het-toch-proberen\/","title":{"rendered":"17 april, we kunnen het toch proberen?"},"content":{"rendered":"<p><strong><a onclick=\"javascript:pageTracker._trackPageview('\/downloads\/wp-content\/uploads\/2010\/04\/Veronica-1974-Zwanenzang-06.jpg');\"  href=\"https:\/\/i0.wp.com\/www.jingleweb.nl\/wp-content\/uploads\/2010\/04\/Veronica-1974-Zwanenzang-06.jpg\"><img loading=\"lazy\" decoding=\"async\" data-attachment-id=\"3664\" data-permalink=\"https:\/\/www.jingleweb.nl\/index.php\/2010\/04\/07\/17-april-we-kunnen-het-toch-proberen\/veronica-1974-zwanenzang-06\/\" data-orig-file=\"https:\/\/i0.wp.com\/www.jingleweb.nl\/wp-content\/uploads\/2010\/04\/Veronica-1974-Zwanenzang-06.jpg?fit=108%2C247&amp;ssl=1\" data-orig-size=\"108,247\" data-comments-opened=\"0\" data-image-meta=\"{&quot;aperture&quot;:&quot;0&quot;,&quot;credit&quot;:&quot;&quot;,&quot;camera&quot;:&quot;&quot;,&quot;caption&quot;:&quot;&quot;,&quot;created_timestamp&quot;:&quot;0&quot;,&quot;copyright&quot;:&quot;&quot;,&quot;focal_length&quot;:&quot;0&quot;,&quot;iso&quot;:&quot;0&quot;,&quot;shutter_speed&quot;:&quot;0&quot;,&quot;title&quot;:&quot;&quot;}\" data-image-title=\"Veronica &amp;#8211; 1974 &amp;#8211; Zwanenzang 06\" data-image-description=\"\" data-image-caption=\"\" data-medium-file=\"https:\/\/i0.wp.com\/www.jingleweb.nl\/wp-content\/uploads\/2010\/04\/Veronica-1974-Zwanenzang-06.jpg?fit=108%2C247&amp;ssl=1\" data-large-file=\"https:\/\/i0.wp.com\/www.jingleweb.nl\/wp-content\/uploads\/2010\/04\/Veronica-1974-Zwanenzang-06.jpg?fit=108%2C247&amp;ssl=1\" class=\"alignleft size-full wp-image-3664\" title=\"Veronica - 1974 - Zwanenzang 06\" src=\"https:\/\/i0.wp.com\/www.jingleweb.nl\/wp-content\/uploads\/2010\/04\/Veronica-1974-Zwanenzang-06.jpg?resize=108%2C247\" alt=\"\" width=\"108\" height=\"247\" data-recalc-dims=\"1\" \/><\/a><span style=\"color: #ffff99;\">07.04.2010 &#8211;<\/span><\/strong> Op de \u00e9\u00e9n of andere manier b\u00e9kt het gewoon niet lekker: <span style=\"color: #ffff99;\"><span style=\"color: #ffff99;\"><em>&#8220;17 april, we kunnen het toch<\/em><\/span><\/span><a onclick=\"javascript:pageTracker._trackPageview('\/downloads\/wp-content\/uploads\/2010\/04\/cdpirate1.jpg');\"  href=\"https:\/\/i0.wp.com\/www.jingleweb.nl\/wp-content\/uploads\/2010\/04\/cdpirate1.jpg\"><img loading=\"lazy\" decoding=\"async\" data-attachment-id=\"3669\" data-permalink=\"https:\/\/www.jingleweb.nl\/index.php\/2010\/04\/07\/17-april-we-kunnen-het-toch-proberen\/cdpirate-2\/\" data-orig-file=\"https:\/\/i0.wp.com\/www.jingleweb.nl\/wp-content\/uploads\/2010\/04\/cdpirate1.jpg?fit=243%2C229&amp;ssl=1\" data-orig-size=\"243,229\" data-comments-opened=\"0\" data-image-meta=\"{&quot;aperture&quot;:&quot;0&quot;,&quot;credit&quot;:&quot;&quot;,&quot;camera&quot;:&quot;&quot;,&quot;caption&quot;:&quot;&quot;,&quot;created_timestamp&quot;:&quot;0&quot;,&quot;copyright&quot;:&quot;&quot;,&quot;focal_length&quot;:&quot;0&quot;,&quot;iso&quot;:&quot;0&quot;,&quot;shutter_speed&quot;:&quot;0&quot;,&quot;title&quot;:&quot;&quot;}\" data-image-title=\"Ad Bouman Tribute box to the pirates 2010\" data-image-description=\"\" data-image-caption=\"\" data-medium-file=\"https:\/\/i0.wp.com\/www.jingleweb.nl\/wp-content\/uploads\/2010\/04\/cdpirate1.jpg?fit=243%2C229&amp;ssl=1\" data-large-file=\"https:\/\/i0.wp.com\/www.jingleweb.nl\/wp-content\/uploads\/2010\/04\/cdpirate1.jpg?fit=243%2C229&amp;ssl=1\" class=\"alignright size-full wp-image-3669\" title=\"Ad Bouman Tribute box to the pirates 2010\" src=\"https:\/\/i0.wp.com\/www.jingleweb.nl\/wp-content\/uploads\/2010\/04\/cdpirate1.jpg?resize=203%2C194\" alt=\"\" width=\"203\" height=\"194\" data-recalc-dims=\"1\" \/><\/a><span style=\"color: #ffff99;\"><span style=\"color: #ffff99;\"><em> proberen?<\/em>&#8220;<\/span> <\/span>Die dag houdt de <a onclick=\"javascript:pageTracker._trackPageview('\/outgoing\/www.norderney.nl\/');\"  href=\"http:\/\/www.norderney.nl\/\" target=\"_blank\">Stichting Norderney<\/a> de Veronicadag in <a onclick=\"javascript:pageTracker._trackPageview('\/outgoing\/www.amrathhotels.nl\/hotel\/lapershoek\/home');\"  href=\"http:\/\/www.amrathhotels.nl\/hotel\/lapershoek\/home\" target=\"_blank\">Hotel Lapershoek<\/a> (Utrechtseweg 16,\u00a0 Hilversum).\u00a0 18 april was mooier geweest, vanwege de massademonstratie uit 1973, maar die valt op een zondag. Bezoekers geven de Veronica-dag een hogere klassering dan de jaarlijkse Radiodag in Amsterdam, waar de sleet\u00a0 wat in het programma kwam. Voor jinglefans is er ook veel te beleven (hoewel: jingle-fans en zeezenderfans vormen twee\u00a0cirkels die ver in elkaar schuiven). Er worden CD-tjes verkocht met jingles en wie uit z&#8217;n hoofd weet welke alarmschijf nooit de Top 40 haalde, kan meedoen aan een popquiz onder leiding van Eric de Zwart. En Ad Bouman presenteert zijn 7-CD Box (&#8220;<a onclick=\"javascript:pageTracker._trackPageview('\/outgoing\/www.albumclassix.nl\/index.php?item=a-tribute-to-the-pirate-stations---1964-1974--cd7_dvd&amp;action=article&amp;group_id=78&amp;aid=2401&amp;lang=NL');\"  href=\"http:\/\/www.albumclassix.nl\/index.php?item=a-tribute-to-the-pirate-stations---1964-1974--cd7_dvd&amp;action=article&amp;group_id=78&amp;aid=2401&amp;lang=NL\" target=\"_blank\">A tribute to the pirate stations<\/a>&#8220;), die hij in opdracht van Universal maakte. Om 14.00 uur krijgen Willem van Kooten, Lex Harding, Jan van Veen, Juul Geleijck &amp; Eddy Becker de eerste exemplaren. Open vanaf 10.30 uur, toegang: 5 euro.<\/p>\n","protected":false},"excerpt":{"rendered":"<p>07.04.2010 &#8211; Op de \u00e9\u00e9n of andere manier b\u00e9kt het gewoon niet lekker: &#8220;17 april, we kunnen het toch proberen?&#8220; Die dag houdt de Stichting Norderney de Veronicadag in Hotel Lapershoek (Utrechtseweg 16,\u00a0 Hilversum).\u00a0 18 april was mooier geweest, vanwege de massademonstratie uit 1973, maar die valt op een zondag. Bezoekers geven de Veronica-dag een [&hellip;]<\/p>\n","protected":false},"author":2,"featured_media":0,"comment_status":"closed","ping_status":"closed","sticky":false,"template":"","format":"standard","meta":{"_monsterinsights_skip_tracking":false,"jetpack_post_was_ever_published":false,"_jetpack_newsletter_access":"","footnotes":"","jetpack_publicize_message":"","jetpack_is_tweetstorm":false,"jetpack_publicize_feature_enabled":true,"jetpack_social_post_already_shared":false,"jetpack_social_options":{"image_generator_settings":{"template":"highway","enabled":false}}},"categories":[73,115,574,51],"tags":[575,531,1622,1791,576,1790,1615],"class_list":["post-3653","post","type-post","status-publish","format-standard","hentry","category-ad-bouman","category-jingles","category-stichting-norderney","category-veronica","tag-18-april","tag-531","tag-ad-bouman","tag-erik-de-zwart","tag-lapershoek","tag-stichting-norderney","tag-veronica"],"jetpack_publicize_connections":[],"yoast_head":"<!-- This site is optimized with the Yoast SEO Premium plugin v20.13 (Yoast SEO v28.3) - https:\/\/yoast.com\/product\/yoast-seo-premium-wordpress\/ -->\n<title>17 april, we kunnen het toch proberen? - Over radiojingles en radiotunes<\/title>\n<meta name=\"robots\" content=\"index, follow, max-snippet:-1, max-image-preview:large, max-video-preview:-1\" \/>\n<link rel=\"canonical\" href=\"https:\/\/www.jingleweb.nl\/index.php\/2010\/04\/07\/17-april-we-kunnen-het-toch-proberen\/\" \/>\n<meta property=\"og:locale\" content=\"nl_NL\" \/>\n<meta property=\"og:type\" content=\"article\" \/>\n<meta property=\"og:title\" content=\"17 april, we kunnen het toch proberen?\" \/>\n<meta property=\"og:description\" content=\"07.04.2010 &#8211; Op de \u00e9\u00e9n of andere manier b\u00e9kt het gewoon niet lekker: &#8220;17 april, we kunnen het toch proberen?&#8220; Die dag houdt de Stichting Norderney de Veronicadag in Hotel Lapershoek (Utrechtseweg 16,\u00a0 Hilversum).\u00a0 18 april was mooier geweest, vanwege de massademonstratie uit 1973, maar die valt op een zondag. Bezoekers geven de Veronica-dag een [&hellip;]\" \/>\n<meta property=\"og:url\" content=\"https:\/\/www.jingleweb.nl\/index.php\/2010\/04\/07\/17-april-we-kunnen-het-toch-proberen\/\" \/>\n<meta property=\"og:site_name\" content=\"Over radiojingles en radiotunes\" \/>\n<meta property=\"article:published_time\" content=\"2010-04-07T16:44:50+00:00\" \/>\n<meta property=\"article:modified_time\" content=\"2010-04-16T18:14:10+00:00\" \/>\n<meta property=\"og:image\" content=\"http:\/\/www.jingleweb.nl\/wp-content\/uploads\/2010\/04\/Veronica-1974-Zwanenzang-06.jpg\" \/>\n<meta name=\"author\" content=\"Redactie\" \/>\n<meta name=\"twitter:label1\" content=\"Geschreven door\" \/>\n\t<meta name=\"twitter:data1\" content=\"Redactie\" \/>\n\t<meta name=\"twitter:label2\" content=\"Geschatte leestijd\" \/>\n\t<meta name=\"twitter:data2\" content=\"1 minuut\" \/>\n<script type=\"application\/ld+json\" class=\"yoast-schema-graph\">{\"@context\":\"https:\\\/\\\/schema.org\",\"@graph\":[{\"@type\":\"Article\",\"@id\":\"https:\\\/\\\/www.jingleweb.nl\\\/index.php\\\/2010\\\/04\\\/07\\\/17-april-we-kunnen-het-toch-proberen\\\/#article\",\"isPartOf\":{\"@id\":\"https:\\\/\\\/www.jingleweb.nl\\\/index.php\\\/2010\\\/04\\\/07\\\/17-april-we-kunnen-het-toch-proberen\\\/\"},\"author\":{\"name\":\"Redactie\",\"@id\":\"https:\\\/\\\/www.jingleweb.nl\\\/#\\\/schema\\\/person\\\/1497b51ad91582515d314dd400786f8a\"},\"headline\":\"17 april, we kunnen het toch proberen?\",\"datePublished\":\"2010-04-07T16:44:50+00:00\",\"dateModified\":\"2010-04-16T18:14:10+00:00\",\"mainEntityOfPage\":{\"@id\":\"https:\\\/\\\/www.jingleweb.nl\\\/index.php\\\/2010\\\/04\\\/07\\\/17-april-we-kunnen-het-toch-proberen\\\/\"},\"wordCount\":166,\"image\":{\"@id\":\"https:\\\/\\\/www.jingleweb.nl\\\/index.php\\\/2010\\\/04\\\/07\\\/17-april-we-kunnen-het-toch-proberen\\\/#primaryimage\"},\"thumbnailUrl\":\"http:\\\/\\\/www.jingleweb.nl\\\/wp-content\\\/uploads\\\/2010\\\/04\\\/Veronica-1974-Zwanenzang-06.jpg\",\"keywords\":[\"18 april\",\"1973\",\"Ad Bouman\",\"Erik de zwart\",\"Lapershoek\",\"Stichting Norderney\",\"Veronica\"],\"articleSection\":[\"Ad Bouman\",\"Jingles\",\"Stichting Norderney\",\"Veronica\"],\"inLanguage\":\"nl-NL\"},{\"@type\":\"WebPage\",\"@id\":\"https:\\\/\\\/www.jingleweb.nl\\\/index.php\\\/2010\\\/04\\\/07\\\/17-april-we-kunnen-het-toch-proberen\\\/\",\"url\":\"https:\\\/\\\/www.jingleweb.nl\\\/index.php\\\/2010\\\/04\\\/07\\\/17-april-we-kunnen-het-toch-proberen\\\/\",\"name\":\"17 april, we kunnen het toch proberen? - Over radiojingles en radiotunes\",\"isPartOf\":{\"@id\":\"https:\\\/\\\/www.jingleweb.nl\\\/#website\"},\"primaryImageOfPage\":{\"@id\":\"https:\\\/\\\/www.jingleweb.nl\\\/index.php\\\/2010\\\/04\\\/07\\\/17-april-we-kunnen-het-toch-proberen\\\/#primaryimage\"},\"image\":{\"@id\":\"https:\\\/\\\/www.jingleweb.nl\\\/index.php\\\/2010\\\/04\\\/07\\\/17-april-we-kunnen-het-toch-proberen\\\/#primaryimage\"},\"thumbnailUrl\":\"http:\\\/\\\/www.jingleweb.nl\\\/wp-content\\\/uploads\\\/2010\\\/04\\\/Veronica-1974-Zwanenzang-06.jpg\",\"datePublished\":\"2010-04-07T16:44:50+00:00\",\"dateModified\":\"2010-04-16T18:14:10+00:00\",\"author\":{\"@id\":\"https:\\\/\\\/www.jingleweb.nl\\\/#\\\/schema\\\/person\\\/1497b51ad91582515d314dd400786f8a\"},\"breadcrumb\":{\"@id\":\"https:\\\/\\\/www.jingleweb.nl\\\/index.php\\\/2010\\\/04\\\/07\\\/17-april-we-kunnen-het-toch-proberen\\\/#breadcrumb\"},\"inLanguage\":\"nl-NL\",\"potentialAction\":[{\"@type\":\"ReadAction\",\"target\":[\"https:\\\/\\\/www.jingleweb.nl\\\/index.php\\\/2010\\\/04\\\/07\\\/17-april-we-kunnen-het-toch-proberen\\\/\"]}]},{\"@type\":\"ImageObject\",\"inLanguage\":\"nl-NL\",\"@id\":\"https:\\\/\\\/www.jingleweb.nl\\\/index.php\\\/2010\\\/04\\\/07\\\/17-april-we-kunnen-het-toch-proberen\\\/#primaryimage\",\"url\":\"https:\\\/\\\/i0.wp.com\\\/www.jingleweb.nl\\\/wp-content\\\/uploads\\\/2010\\\/04\\\/Veronica-1974-Zwanenzang-06.jpg?fit=108%2C247&ssl=1\",\"contentUrl\":\"https:\\\/\\\/i0.wp.com\\\/www.jingleweb.nl\\\/wp-content\\\/uploads\\\/2010\\\/04\\\/Veronica-1974-Zwanenzang-06.jpg?fit=108%2C247&ssl=1\",\"width\":\"108\",\"height\":\"247\"},{\"@type\":\"BreadcrumbList\",\"@id\":\"https:\\\/\\\/www.jingleweb.nl\\\/index.php\\\/2010\\\/04\\\/07\\\/17-april-we-kunnen-het-toch-proberen\\\/#breadcrumb\",\"itemListElement\":[{\"@type\":\"ListItem\",\"position\":1,\"name\":\"Home\",\"item\":\"https:\\\/\\\/www.jingleweb.nl\\\/\"},{\"@type\":\"ListItem\",\"position\":2,\"name\":\"17 april, we kunnen het toch proberen?\"}]},{\"@type\":\"WebSite\",\"@id\":\"https:\\\/\\\/www.jingleweb.nl\\\/#website\",\"url\":\"https:\\\/\\\/www.jingleweb.nl\\\/\",\"name\":\"Over radiojingles en radiotunes\",\"description\":\"\",\"potentialAction\":[{\"@type\":\"SearchAction\",\"target\":{\"@type\":\"EntryPoint\",\"urlTemplate\":\"https:\\\/\\\/www.jingleweb.nl\\\/?s={search_term_string}\"},\"query-input\":{\"@type\":\"PropertyValueSpecification\",\"valueRequired\":true,\"valueName\":\"search_term_string\"}}],\"inLanguage\":\"nl-NL\"},{\"@type\":\"Person\",\"@id\":\"https:\\\/\\\/www.jingleweb.nl\\\/#\\\/schema\\\/person\\\/1497b51ad91582515d314dd400786f8a\",\"name\":\"Redactie\",\"image\":{\"@type\":\"ImageObject\",\"inLanguage\":\"nl-NL\",\"@id\":\"https:\\\/\\\/secure.gravatar.com\\\/avatar\\\/fdf6d1cd5938762d93d549cbbe6eba7ec4eff8a9090af03dde832f724db08bd0?s=96&d=mm&r=g\",\"url\":\"https:\\\/\\\/secure.gravatar.com\\\/avatar\\\/fdf6d1cd5938762d93d549cbbe6eba7ec4eff8a9090af03dde832f724db08bd0?s=96&d=mm&r=g\",\"contentUrl\":\"https:\\\/\\\/secure.gravatar.com\\\/avatar\\\/fdf6d1cd5938762d93d549cbbe6eba7ec4eff8a9090af03dde832f724db08bd0?s=96&d=mm&r=g\",\"caption\":\"Redactie\"},\"sameAs\":[\"http:\\\/\\\/www.jingleweb.nl\"],\"url\":\"https:\\\/\\\/www.jingleweb.nl\\\/index.php\\\/author\\\/jelle\\\/\"}]}<\/script>\n<!-- \/ Yoast SEO Premium plugin. -->","yoast_head_json":{"title":"17 april, we kunnen het toch proberen? - Over radiojingles en radiotunes","robots":{"index":"index","follow":"follow","max-snippet":"max-snippet:-1","max-image-preview":"max-image-preview:large","max-video-preview":"max-video-preview:-1"},"canonical":"https:\/\/www.jingleweb.nl\/index.php\/2010\/04\/07\/17-april-we-kunnen-het-toch-proberen\/","og_locale":"nl_NL","og_type":"article","og_title":"17 april, we kunnen het toch proberen?","og_description":"07.04.2010 &#8211; Op de \u00e9\u00e9n of andere manier b\u00e9kt het gewoon niet lekker: &#8220;17 april, we kunnen het toch proberen?&#8220; Die dag houdt de Stichting Norderney de Veronicadag in Hotel Lapershoek (Utrechtseweg 16,\u00a0 Hilversum).\u00a0 18 april was mooier geweest, vanwege de massademonstratie uit 1973, maar die valt op een zondag. Bezoekers geven de Veronica-dag een [&hellip;]","og_url":"https:\/\/www.jingleweb.nl\/index.php\/2010\/04\/07\/17-april-we-kunnen-het-toch-proberen\/","og_site_name":"Over radiojingles en radiotunes","article_published_time":"2010-04-07T16:44:50+00:00","article_modified_time":"2010-04-16T18:14:10+00:00","og_image":[{"url":"http:\/\/www.jingleweb.nl\/wp-content\/uploads\/2010\/04\/Veronica-1974-Zwanenzang-06.jpg","type":"","width":"","height":""}],"author":"Redactie","twitter_misc":{"Geschreven door":"Redactie","Geschatte leestijd":"1 minuut"},"schema":{"@context":"https:\/\/schema.org","@graph":[{"@type":"Article","@id":"https:\/\/www.jingleweb.nl\/index.php\/2010\/04\/07\/17-april-we-kunnen-het-toch-proberen\/#article","isPartOf":{"@id":"https:\/\/www.jingleweb.nl\/index.php\/2010\/04\/07\/17-april-we-kunnen-het-toch-proberen\/"},"author":{"name":"Redactie","@id":"https:\/\/www.jingleweb.nl\/#\/schema\/person\/1497b51ad91582515d314dd400786f8a"},"headline":"17 april, we kunnen het toch proberen?","datePublished":"2010-04-07T16:44:50+00:00","dateModified":"2010-04-16T18:14:10+00:00","mainEntityOfPage":{"@id":"https:\/\/www.jingleweb.nl\/index.php\/2010\/04\/07\/17-april-we-kunnen-het-toch-proberen\/"},"wordCount":166,"image":{"@id":"https:\/\/www.jingleweb.nl\/index.php\/2010\/04\/07\/17-april-we-kunnen-het-toch-proberen\/#primaryimage"},"thumbnailUrl":"http:\/\/www.jingleweb.nl\/wp-content\/uploads\/2010\/04\/Veronica-1974-Zwanenzang-06.jpg","keywords":["18 april","1973","Ad Bouman","Erik de zwart","Lapershoek","Stichting Norderney","Veronica"],"articleSection":["Ad Bouman","Jingles","Stichting Norderney","Veronica"],"inLanguage":"nl-NL"},{"@type":"WebPage","@id":"https:\/\/www.jingleweb.nl\/index.php\/2010\/04\/07\/17-april-we-kunnen-het-toch-proberen\/","url":"https:\/\/www.jingleweb.nl\/index.php\/2010\/04\/07\/17-april-we-kunnen-het-toch-proberen\/","name":"17 april, we kunnen het toch proberen? - Over radiojingles en radiotunes","isPartOf":{"@id":"https:\/\/www.jingleweb.nl\/#website"},"primaryImageOfPage":{"@id":"https:\/\/www.jingleweb.nl\/index.php\/2010\/04\/07\/17-april-we-kunnen-het-toch-proberen\/#primaryimage"},"image":{"@id":"https:\/\/www.jingleweb.nl\/index.php\/2010\/04\/07\/17-april-we-kunnen-het-toch-proberen\/#primaryimage"},"thumbnailUrl":"http:\/\/www.jingleweb.nl\/wp-content\/uploads\/2010\/04\/Veronica-1974-Zwanenzang-06.jpg","datePublished":"2010-04-07T16:44:50+00:00","dateModified":"2010-04-16T18:14:10+00:00","author":{"@id":"https:\/\/www.jingleweb.nl\/#\/schema\/person\/1497b51ad91582515d314dd400786f8a"},"breadcrumb":{"@id":"https:\/\/www.jingleweb.nl\/index.php\/2010\/04\/07\/17-april-we-kunnen-het-toch-proberen\/#breadcrumb"},"inLanguage":"nl-NL","potentialAction":[{"@type":"ReadAction","target":["https:\/\/www.jingleweb.nl\/index.php\/2010\/04\/07\/17-april-we-kunnen-het-toch-proberen\/"]}]},{"@type":"ImageObject","inLanguage":"nl-NL","@id":"https:\/\/www.jingleweb.nl\/index.php\/2010\/04\/07\/17-april-we-kunnen-het-toch-proberen\/#primaryimage","url":"https:\/\/i0.wp.com\/www.jingleweb.nl\/wp-content\/uploads\/2010\/04\/Veronica-1974-Zwanenzang-06.jpg?fit=108%2C247&ssl=1","contentUrl":"https:\/\/i0.wp.com\/www.jingleweb.nl\/wp-content\/uploads\/2010\/04\/Veronica-1974-Zwanenzang-06.jpg?fit=108%2C247&ssl=1","width":"108","height":"247"},{"@type":"BreadcrumbList","@id":"https:\/\/www.jingleweb.nl\/index.php\/2010\/04\/07\/17-april-we-kunnen-het-toch-proberen\/#breadcrumb","itemListElement":[{"@type":"ListItem","position":1,"name":"Home","item":"https:\/\/www.jingleweb.nl\/"},{"@type":"ListItem","position":2,"name":"17 april, we kunnen het toch proberen?"}]},{"@type":"WebSite","@id":"https:\/\/www.jingleweb.nl\/#website","url":"https:\/\/www.jingleweb.nl\/","name":"Over radiojingles en radiotunes","description":"","potentialAction":[{"@type":"SearchAction","target":{"@type":"EntryPoint","urlTemplate":"https:\/\/www.jingleweb.nl\/?s={search_term_string}"},"query-input":{"@type":"PropertyValueSpecification","valueRequired":true,"valueName":"search_term_string"}}],"inLanguage":"nl-NL"},{"@type":"Person","@id":"https:\/\/www.jingleweb.nl\/#\/schema\/person\/1497b51ad91582515d314dd400786f8a","name":"Redactie","image":{"@type":"ImageObject","inLanguage":"nl-NL","@id":"https:\/\/secure.gravatar.com\/avatar\/fdf6d1cd5938762d93d549cbbe6eba7ec4eff8a9090af03dde832f724db08bd0?s=96&d=mm&r=g","url":"https:\/\/secure.gravatar.com\/avatar\/fdf6d1cd5938762d93d549cbbe6eba7ec4eff8a9090af03dde832f724db08bd0?s=96&d=mm&r=g","contentUrl":"https:\/\/secure.gravatar.com\/avatar\/fdf6d1cd5938762d93d549cbbe6eba7ec4eff8a9090af03dde832f724db08bd0?s=96&d=mm&r=g","caption":"Redactie"},"sameAs":["http:\/\/www.jingleweb.nl"],"url":"https:\/\/www.jingleweb.nl\/index.php\/author\/jelle\/"}]}},"jetpack_featured_media_url":"","jetpack_sharing_enabled":true,"jetpack_shortlink":"https:\/\/wp.me\/p7g4ku-WV","jetpack-related-posts":[{"id":35001,"url":"https:\/\/www.jingleweb.nl\/index.php\/2024\/10\/22\/het-kristalgeluid-van-de-laatste-seconden-van-radio-veronica\/","url_meta":{"origin":3653,"position":0},"title":"Het kristalgeluid van de laatste seconden van Radio Veronica","author":"Redactie","date":"22 oktober 2024","format":false,"excerpt":"Foto: stichting Norderney - Niels Zack Foto: stichting Norderney - Niels Zack 22.10.2024 - Wie heeft ze n\u00edet gehoord? De laatste minuten van Radio Veronica op 31 augustus 1974; de speech van Rob Out (\"Dat spijt mij \u2026 voor Nederland.\"), het Wilhelmus (in de uitvoering van Pro Musica o.l.v. Lex\u2026","rel":"","context":"In &quot;Jingles&quot;","block_context":{"text":"Jingles","link":"https:\/\/www.jingleweb.nl\/index.php\/category\/jingles\/"},"img":{"alt_text":"","src":"https:\/\/i0.wp.com\/www.jingleweb.nl\/wp-content\/uploads\/2024\/10\/Veronica-Norderney-Laatste-uur-Zender-Kristal-Copyright-Niels-Zack-st.-nordeney.jpg?resize=350%2C200&ssl=1","width":350,"height":200},"classes":[]},{"id":20639,"url":"https:\/\/www.jingleweb.nl\/index.php\/2015\/02\/17\/ziezo-ze-panklaar-veronicajingles\/","url_meta":{"origin":3653,"position":1},"title":"Ziezo, ze zijn panklaar, de Veronicajingles","author":"Redactie","date":"17 februari 2015","format":false,"excerpt":"17.02.2015 - Ziezo, ze zijn klaar: de Veronica-jingles. Maker Top Format zette de jingles zojuist op Soundcloud, bijgemixt en wel en netjes afgewerkt, dus ze zijn er nu officieel te horen (KLIK hier). \u00a0Mooi geworden, luister maar 'ns snel.\u00a0Dat er een andere wind waait bij de zender na het aantreden\u2026","rel":"","context":"In &quot;Jingles&quot;","block_context":{"text":"Jingles","link":"https:\/\/www.jingleweb.nl\/index.php\/category\/jingles\/"},"img":{"alt_text":"","src":"","width":0,"height":0},"classes":[]},{"id":31450,"url":"https:\/\/www.jingleweb.nl\/index.php\/2021\/10\/27\/radioreuzen-over-veronica-ad-bouman-en-jingles\/","url_meta":{"origin":3653,"position":2},"title":"RadioReuzen over Veronica, Ad Bouman \u00e9n &#8230; jingles","author":"Redactie","date":"27 oktober 2021","format":false,"excerpt":"27.10.2021 - Wie fan is van jingles, Veronica en Adje Bouman, moet z\u00e9ker even luisteren naar deze aflevering van de rubriek RadioReuzen over zeezenders. Bouman vertelt over het belang van stationsherkenning met behulp van vormgeving, Veronica liep daarbij bepaald niet voorop. Hij verklaart ook het succes van Veronica ten opzichte\u2026","rel":"","context":"In &quot;Jingles&quot;","block_context":{"text":"Jingles","link":"https:\/\/www.jingleweb.nl\/index.php\/category\/jingles\/"},"img":{"alt_text":"","src":"https:\/\/i0.wp.com\/www.jingleweb.nl\/wp-content\/uploads\/2021\/10\/compi-Ad-en-Bert-klein.png?resize=350%2C200&ssl=1","width":350,"height":200,"srcset":"https:\/\/i0.wp.com\/www.jingleweb.nl\/wp-content\/uploads\/2021\/10\/compi-Ad-en-Bert-klein.png?resize=350%2C200&ssl=1 1x, https:\/\/i0.wp.com\/www.jingleweb.nl\/wp-content\/uploads\/2021\/10\/compi-Ad-en-Bert-klein.png?resize=525%2C300&ssl=1 1.5x"},"classes":[]},{"id":13835,"url":"https:\/\/www.jingleweb.nl\/index.php\/2016\/04\/18\/18-april-we-kunnen-het-toch-proberen\/","url_meta":{"origin":3653,"position":3},"title":"18 april, we kunnen het toch proberen?","author":"Redactie","date":"18 april 2016","format":false,"excerpt":"18.04.2016 - Bij Veronicanen staat deze datum in het geheugen gegrift. Op 18 april 1973 gingen tienduizenden jongeren naar Den Haag om zich uit te spreken voor het behoud van hun zeezender Radio Veronica. In de Tweede Kamer werd die dag over het Verdrag van Straatsburg gesproken, dat een einde\u2026","rel":"","context":"In &quot;Jingles&quot;","block_context":{"text":"Jingles","link":"https:\/\/www.jingleweb.nl\/index.php\/category\/jingles\/"},"img":{"alt_text":"","src":"https:\/\/i0.wp.com\/www.jingleweb.nl\/wp-content\/uploads\/2013\/04\/Anneke-Gardenier-Veenstra-foto-Stichting-Norderney1-300x269.jpg?resize=350%2C200","width":350,"height":200},"classes":[]},{"id":20737,"url":"https:\/\/www.jingleweb.nl\/index.php\/2015\/02\/25\/kabbelende-videostream-veronica\/","url_meta":{"origin":3653,"position":4},"title":"Kabbelende videostream Veronica","author":"Redactie","date":"25 februari 2015","format":false,"excerpt":"25.02.2015 - Ze noemen het een 'videostream', de gestage reeks aan nonstop beelden die vanaf deze week te zien zijn van zendschip Norderney en Veronica als zeezender. De stream is van de Stichting Norderney, van de erflaters van de Veronicageschiedenis tussen 1960 en 1974. Je hoeft niet te wachten op\u2026","rel":"","context":"In &quot;Jingles&quot;","block_context":{"text":"Jingles","link":"https:\/\/www.jingleweb.nl\/index.php\/category\/jingles\/"},"img":{"alt_text":"","src":"","width":0,"height":0},"classes":[]},{"id":34723,"url":"https:\/\/www.jingleweb.nl\/index.php\/2024\/08\/26\/arbeidsvitaminen-de-hele-week-over-de-zeezenders\/","url_meta":{"origin":3653,"position":5},"title":"Arbeidsvitaminen de hele week over de zeezenders","author":"Redactie","date":"26 augustus 2024","format":false,"excerpt":"30.08.2024 - Morgen, zaterdag 31 augustus, is het 50 jaar geleden dat de Nederlandse zeezenders Veronica, Mi Amigo en Noordzee moesten stoppen met uitzenden. Op NPO Radio 5 wordt daar de hele zaterdag aandacht aan besteed. Daarover later meer op Jingleweb. Maar in aanloop naar die dag staat ook Arbeidsvitaminen\u2026","rel":"","context":"In &quot;Jingles&quot;","block_context":{"text":"Jingles","link":"https:\/\/www.jingleweb.nl\/index.php\/category\/jingles\/"},"img":{"alt_text":"","src":"https:\/\/i0.wp.com\/www.jingleweb.nl\/wp-content\/uploads\/2024\/08\/Banner-Hans-Schiffers.png?resize=350%2C200&ssl=1","width":350,"height":200,"srcset":"https:\/\/i0.wp.com\/www.jingleweb.nl\/wp-content\/uploads\/2024\/08\/Banner-Hans-Schiffers.png?resize=350%2C200&ssl=1 1x, https:\/\/i0.wp.com\/www.jingleweb.nl\/wp-content\/uploads\/2024\/08\/Banner-Hans-Schiffers.png?resize=525%2C300&ssl=1 1.5x, https:\/\/i0.wp.com\/www.jingleweb.nl\/wp-content\/uploads\/2024\/08\/Banner-Hans-Schiffers.png?resize=700%2C400&ssl=1 2x, https:\/\/i0.wp.com\/www.jingleweb.nl\/wp-content\/uploads\/2024\/08\/Banner-Hans-Schiffers.png?resize=1050%2C600&ssl=1 3x, https:\/\/i0.wp.com\/www.jingleweb.nl\/wp-content\/uploads\/2024\/08\/Banner-Hans-Schiffers.png?resize=1400%2C800&ssl=1 4x"},"classes":[]}],"_links":{"self":[{"href":"https:\/\/www.jingleweb.nl\/index.php\/wp-json\/wp\/v2\/posts\/3653","targetHints":{"allow":["GET"]}}],"collection":[{"href":"https:\/\/www.jingleweb.nl\/index.php\/wp-json\/wp\/v2\/posts"}],"about":[{"href":"https:\/\/www.jingleweb.nl\/index.php\/wp-json\/wp\/v2\/types\/post"}],"author":[{"embeddable":true,"href":"https:\/\/www.jingleweb.nl\/index.php\/wp-json\/wp\/v2\/users\/2"}],"replies":[{"embeddable":true,"href":"https:\/\/www.jingleweb.nl\/index.php\/wp-json\/wp\/v2\/comments?post=3653"}],"version-history":[{"count":27,"href":"https:\/\/www.jingleweb.nl\/index.php\/wp-json\/wp\/v2\/posts\/3653\/revisions"}],"predecessor-version":[{"id":3815,"href":"https:\/\/www.jingleweb.nl\/index.php\/wp-json\/wp\/v2\/posts\/3653\/revisions\/3815"}],"wp:attachment":[{"href":"https:\/\/www.jingleweb.nl\/index.php\/wp-json\/wp\/v2\/media?parent=3653"}],"wp:term":[{"taxonomy":"category","embeddable":true,"href":"https:\/\/www.jingleweb.nl\/index.php\/wp-json\/wp\/v2\/categories?post=3653"},{"taxonomy":"post_tag","embeddable":true,"href":"https:\/\/www.jingleweb.nl\/index.php\/wp-json\/wp\/v2\/tags?post=3653"}],"curies":[{"name":"wp","href":"https:\/\/api.w.org\/{rel}","templated":true}]}}