{"id":27436,"date":"2018-06-25T17:53:07","date_gmt":"2018-06-25T15:53:07","guid":{"rendered":"http:\/\/www.jingleweb.nl\/?p=27436"},"modified":"2018-07-03T13:40:28","modified_gmt":"2018-07-03T11:40:28","slug":"dan-ingram-is-overleden","status":"publish","type":"post","link":"https:\/\/www.jingleweb.nl\/index.php\/2018\/06\/25\/dan-ingram-is-overleden\/","title":{"rendered":"Dan Ingram is overleden"},"content":{"rendered":"<p><img data-attachment-id=\"27437\" data-permalink=\"https:\/\/www.jingleweb.nl\/index.php\/2018\/06\/25\/dan-ingram-is-overleden\/genootschap-benno-dan-ingram\/\" data-orig-file=\"https:\/\/i0.wp.com\/www.jingleweb.nl\/wp-content\/uploads\/2018\/06\/Genootschap-Benno-Dan-Ingram.jpg?fit=1082%2C775&amp;ssl=1\" data-orig-size=\"1082,775\" data-comments-opened=\"0\" data-image-meta=\"{&quot;aperture&quot;:&quot;0&quot;,&quot;credit&quot;:&quot;&quot;,&quot;camera&quot;:&quot;&quot;,&quot;caption&quot;:&quot;&quot;,&quot;created_timestamp&quot;:&quot;0&quot;,&quot;copyright&quot;:&quot;&quot;,&quot;focal_length&quot;:&quot;0&quot;,&quot;iso&quot;:&quot;0&quot;,&quot;shutter_speed&quot;:&quot;0&quot;,&quot;title&quot;:&quot;&quot;,&quot;orientation&quot;:&quot;0&quot;}\" data-image-title=\"Genootschap &#8211; Benno &#038; Dan Ingram\" data-image-description=\"\" data-image-caption=\"\" data-medium-file=\"https:\/\/i0.wp.com\/www.jingleweb.nl\/wp-content\/uploads\/2018\/06\/Genootschap-Benno-Dan-Ingram.jpg?fit=300%2C215&amp;ssl=1\" data-large-file=\"https:\/\/i0.wp.com\/www.jingleweb.nl\/wp-content\/uploads\/2018\/06\/Genootschap-Benno-Dan-Ingram.jpg?fit=987%2C707&amp;ssl=1\" decoding=\"async\" loading=\"lazy\" class=\"aligncenter size-full wp-image-27437\" src=\"https:\/\/i0.wp.com\/www.jingleweb.nl\/wp-content\/uploads\/2018\/06\/Genootschap-Benno-Dan-Ingram.jpg?resize=987%2C707\" alt=\"\" width=\"987\" height=\"707\" srcset=\"https:\/\/i0.wp.com\/www.jingleweb.nl\/wp-content\/uploads\/2018\/06\/Genootschap-Benno-Dan-Ingram.jpg?w=1082&amp;ssl=1 1082w, https:\/\/i0.wp.com\/www.jingleweb.nl\/wp-content\/uploads\/2018\/06\/Genootschap-Benno-Dan-Ingram.jpg?resize=300%2C215&amp;ssl=1 300w, https:\/\/i0.wp.com\/www.jingleweb.nl\/wp-content\/uploads\/2018\/06\/Genootschap-Benno-Dan-Ingram.jpg?resize=768%2C550&amp;ssl=1 768w, https:\/\/i0.wp.com\/www.jingleweb.nl\/wp-content\/uploads\/2018\/06\/Genootschap-Benno-Dan-Ingram.jpg?resize=1024%2C733&amp;ssl=1 1024w, https:\/\/i0.wp.com\/www.jingleweb.nl\/wp-content\/uploads\/2018\/06\/Genootschap-Benno-Dan-Ingram.jpg?resize=938%2C672&amp;ssl=1 938w\" sizes=\"(max-width: 987px) 100vw, 987px\" data-recalc-dims=\"1\" \/><\/p>\n<p><strong>25.06.2018 &#8211;<\/strong> Je mag hem gerust de aartsvader noemen van de discjockeys uit het tijdperk van de personality radio: Dan Ingram. Ooit \u00e9\u00e9n van de 7 jocks die van WABC een enorm succes maakte, iemand die met een schijnbaar achteloos gemak zijn programma&#8217;s maakte en zich niet van de wijs liet brengen als er tot 10x toe in \u00e9\u00e9n uur D\u00e1\u00e1\u00e1n Ingram dwars door zijn woorden heen schalde, want geen personality zonder jingle. Dan is 83 geworden, hij stierf in de Amerikaanse staat waar alle oudjes het liefst eindigen: Florida. Jon Wolfert van JAM herdenkt Dan vandaag op zijn jinglepagina, want het was Dan die de jonge Jon Wolfert, de president of JAM, gek wist te krijgen van jingles. Dan Ingram presenteerde verschillende demos van JAM Creative Productions Inc. in Dallas, de maatschappij die Wolfert later opstartte. Een groot verlies schrijft hij op <a onclick=\"javascript:pageTracker._trackPageview('\/outgoing\/www.facebook.com\/jamcreativeproductions\/');\"  href=\"https:\/\/www.facebook.com\/jamcreativeproductions\/\"><span style=\"text-decoration: underline;\">Facebook.<\/span><\/a>\u00a0Dan was de beste van allemaal. Echt waar? Ja <a onclick=\"javascript:pageTracker._trackPageview('\/outgoing\/www.youtube.com\/watch?v=7_DKAK77Lno');\"  href=\"https:\/\/www.youtube.com\/watch?v=7_DKAK77Lno\"><span style=\"text-decoration: underline;\">luister<\/span><\/a> maar.<br \/>\nBoven Dan met onze eigen Benno Roozen van Jingleweb in New York, bij WCBS, waar hij zijn carri\u00e8re voortzette en beneden, in 1987, bij het lezen van teksten voor JAM (copyright Jon Wolfert)<img data-attachment-id=\"27438\" data-permalink=\"https:\/\/www.jingleweb.nl\/index.php\/2018\/06\/25\/dan-ingram-is-overleden\/dan-at-jam\/\" data-orig-file=\"https:\/\/i0.wp.com\/www.jingleweb.nl\/wp-content\/uploads\/2018\/06\/dan-at-jam.jpg?fit=960%2C693&amp;ssl=1\" data-orig-size=\"960,693\" data-comments-opened=\"0\" data-image-meta=\"{&quot;aperture&quot;:&quot;0&quot;,&quot;credit&quot;:&quot;&quot;,&quot;camera&quot;:&quot;&quot;,&quot;caption&quot;:&quot;&quot;,&quot;created_timestamp&quot;:&quot;0&quot;,&quot;copyright&quot;:&quot;&quot;,&quot;focal_length&quot;:&quot;0&quot;,&quot;iso&quot;:&quot;0&quot;,&quot;shutter_speed&quot;:&quot;0&quot;,&quot;title&quot;:&quot;&quot;,&quot;orientation&quot;:&quot;0&quot;}\" data-image-title=\"dan at jam\" data-image-description=\"\" data-image-caption=\"\" data-medium-file=\"https:\/\/i0.wp.com\/www.jingleweb.nl\/wp-content\/uploads\/2018\/06\/dan-at-jam.jpg?fit=300%2C217&amp;ssl=1\" data-large-file=\"https:\/\/i0.wp.com\/www.jingleweb.nl\/wp-content\/uploads\/2018\/06\/dan-at-jam.jpg?fit=960%2C693&amp;ssl=1\" decoding=\"async\" loading=\"lazy\" class=\"aligncenter size-full wp-image-27438\" src=\"https:\/\/i0.wp.com\/www.jingleweb.nl\/wp-content\/uploads\/2018\/06\/dan-at-jam.jpg?resize=960%2C693\" alt=\"\" width=\"960\" height=\"693\" srcset=\"https:\/\/i0.wp.com\/www.jingleweb.nl\/wp-content\/uploads\/2018\/06\/dan-at-jam.jpg?w=960&amp;ssl=1 960w, https:\/\/i0.wp.com\/www.jingleweb.nl\/wp-content\/uploads\/2018\/06\/dan-at-jam.jpg?resize=300%2C217&amp;ssl=1 300w, https:\/\/i0.wp.com\/www.jingleweb.nl\/wp-content\/uploads\/2018\/06\/dan-at-jam.jpg?resize=768%2C554&amp;ssl=1 768w, https:\/\/i0.wp.com\/www.jingleweb.nl\/wp-content\/uploads\/2018\/06\/dan-at-jam.jpg?resize=938%2C677&amp;ssl=1 938w\" sizes=\"(max-width: 960px) 100vw, 960px\" data-recalc-dims=\"1\" \/><\/p>\n","protected":false},"excerpt":{"rendered":"<p>25.06.2018 &#8211; Je mag hem gerust de aartsvader noemen van de discjockeys uit het tijdperk van de personality radio: Dan Ingram. Ooit \u00e9\u00e9n van de 7 jocks die van WABC een enorm succes maakte, iemand die met een schijnbaar achteloos gemak zijn programma&#8217;s maakte en zich niet van de wijs liet brengen als er tot [&hellip;]<\/p>\n","protected":false},"author":2,"featured_media":0,"comment_status":"closed","ping_status":"closed","sticky":false,"template":"","format":"standard","meta":{"_monsterinsights_skip_tracking":false,"_monsterinsights_sitenote_active":false,"_monsterinsights_sitenote_note":"","_monsterinsights_sitenote_category":0,"jetpack_post_was_ever_published":false,"_jetpack_newsletter_access":"","footnotes":"","jetpack_publicize_message":"","jetpack_is_tweetstorm":false,"jetpack_publicize_feature_enabled":true,"jetpack_social_post_already_shared":false,"jetpack_social_options":{"image_generator_settings":{"template":"highway","enabled":false}}},"categories":[115],"tags":[],"jetpack_publicize_connections":[],"yoast_head":"<!-- This site is optimized with the Yoast SEO Premium plugin v20.13 (Yoast SEO v20.13) - https:\/\/yoast.com\/wordpress\/plugins\/seo\/ -->\n<title>Dan Ingram is overleden - Over radiojingles en radiotunes<\/title>\n<meta name=\"robots\" content=\"index, follow, max-snippet:-1, max-image-preview:large, max-video-preview:-1\" \/>\n<link rel=\"canonical\" href=\"https:\/\/www.jingleweb.nl\/index.php\/2018\/06\/25\/dan-ingram-is-overleden\/\" \/>\n<meta property=\"og:locale\" content=\"nl_NL\" \/>\n<meta property=\"og:type\" content=\"article\" \/>\n<meta property=\"og:title\" content=\"Dan Ingram is overleden\" \/>\n<meta property=\"og:description\" content=\"25.06.2018 &#8211; Je mag hem gerust de aartsvader noemen van de discjockeys uit het tijdperk van de personality radio: Dan Ingram. Ooit \u00e9\u00e9n van de 7 jocks die van WABC een enorm succes maakte, iemand die met een schijnbaar achteloos gemak zijn programma&#8217;s maakte en zich niet van de wijs liet brengen als er tot [&hellip;]\" \/>\n<meta property=\"og:url\" content=\"https:\/\/www.jingleweb.nl\/index.php\/2018\/06\/25\/dan-ingram-is-overleden\/\" \/>\n<meta property=\"og:site_name\" content=\"Over radiojingles en radiotunes\" \/>\n<meta property=\"article:published_time\" content=\"2018-06-25T15:53:07+00:00\" \/>\n<meta property=\"article:modified_time\" content=\"2018-07-03T11:40:28+00:00\" \/>\n<meta property=\"og:image\" content=\"http:\/\/www.jingleweb.nl\/wp-content\/uploads\/2018\/06\/Genootschap-Benno-Dan-Ingram.jpg\" \/>\n<meta name=\"author\" content=\"Redactie\" \/>\n<meta name=\"twitter:label1\" content=\"Geschreven door\" \/>\n\t<meta name=\"twitter:data1\" content=\"Redactie\" \/>\n\t<meta name=\"twitter:label2\" content=\"Geschatte leestijd\" \/>\n\t<meta name=\"twitter:data2\" content=\"1 minuut\" \/>\n<script type=\"application\/ld+json\" class=\"yoast-schema-graph\">{\"@context\":\"https:\/\/schema.org\",\"@graph\":[{\"@type\":\"WebPage\",\"@id\":\"https:\/\/www.jingleweb.nl\/index.php\/2018\/06\/25\/dan-ingram-is-overleden\/\",\"url\":\"https:\/\/www.jingleweb.nl\/index.php\/2018\/06\/25\/dan-ingram-is-overleden\/\",\"name\":\"Dan Ingram is overleden - Over radiojingles en radiotunes\",\"isPartOf\":{\"@id\":\"https:\/\/www.jingleweb.nl\/#website\"},\"datePublished\":\"2018-06-25T15:53:07+00:00\",\"dateModified\":\"2018-07-03T11:40:28+00:00\",\"author\":{\"@id\":\"https:\/\/www.jingleweb.nl\/#\/schema\/person\/1497b51ad91582515d314dd400786f8a\"},\"breadcrumb\":{\"@id\":\"https:\/\/www.jingleweb.nl\/index.php\/2018\/06\/25\/dan-ingram-is-overleden\/#breadcrumb\"},\"inLanguage\":\"nl-NL\",\"potentialAction\":[{\"@type\":\"ReadAction\",\"target\":[\"https:\/\/www.jingleweb.nl\/index.php\/2018\/06\/25\/dan-ingram-is-overleden\/\"]}]},{\"@type\":\"BreadcrumbList\",\"@id\":\"https:\/\/www.jingleweb.nl\/index.php\/2018\/06\/25\/dan-ingram-is-overleden\/#breadcrumb\",\"itemListElement\":[{\"@type\":\"ListItem\",\"position\":1,\"name\":\"Home\",\"item\":\"https:\/\/www.jingleweb.nl\/\"},{\"@type\":\"ListItem\",\"position\":2,\"name\":\"Dan Ingram is overleden\"}]},{\"@type\":\"WebSite\",\"@id\":\"https:\/\/www.jingleweb.nl\/#website\",\"url\":\"https:\/\/www.jingleweb.nl\/\",\"name\":\"Over radiojingles en radiotunes\",\"description\":\"\",\"potentialAction\":[{\"@type\":\"SearchAction\",\"target\":{\"@type\":\"EntryPoint\",\"urlTemplate\":\"https:\/\/www.jingleweb.nl\/?s={search_term_string}\"},\"query-input\":\"required name=search_term_string\"}],\"inLanguage\":\"nl-NL\"},{\"@type\":\"Person\",\"@id\":\"https:\/\/www.jingleweb.nl\/#\/schema\/person\/1497b51ad91582515d314dd400786f8a\",\"name\":\"Redactie\",\"image\":{\"@type\":\"ImageObject\",\"inLanguage\":\"nl-NL\",\"@id\":\"https:\/\/www.jingleweb.nl\/#\/schema\/person\/image\/\",\"url\":\"https:\/\/secure.gravatar.com\/avatar\/2041ac0b376204400f0ca382ac687d24?s=96&d=mm&r=g\",\"contentUrl\":\"https:\/\/secure.gravatar.com\/avatar\/2041ac0b376204400f0ca382ac687d24?s=96&d=mm&r=g\",\"caption\":\"Redactie\"},\"sameAs\":[\"http:\/\/www.jingleweb.nl\"],\"url\":\"https:\/\/www.jingleweb.nl\/index.php\/author\/jelle\/\"}]}<\/script>\n<!-- \/ Yoast SEO Premium plugin. -->","yoast_head_json":{"title":"Dan Ingram is overleden - Over radiojingles en radiotunes","robots":{"index":"index","follow":"follow","max-snippet":"max-snippet:-1","max-image-preview":"max-image-preview:large","max-video-preview":"max-video-preview:-1"},"canonical":"https:\/\/www.jingleweb.nl\/index.php\/2018\/06\/25\/dan-ingram-is-overleden\/","og_locale":"nl_NL","og_type":"article","og_title":"Dan Ingram is overleden","og_description":"25.06.2018 &#8211; Je mag hem gerust de aartsvader noemen van de discjockeys uit het tijdperk van de personality radio: Dan Ingram. Ooit \u00e9\u00e9n van de 7 jocks die van WABC een enorm succes maakte, iemand die met een schijnbaar achteloos gemak zijn programma&#8217;s maakte en zich niet van de wijs liet brengen als er tot [&hellip;]","og_url":"https:\/\/www.jingleweb.nl\/index.php\/2018\/06\/25\/dan-ingram-is-overleden\/","og_site_name":"Over radiojingles en radiotunes","article_published_time":"2018-06-25T15:53:07+00:00","article_modified_time":"2018-07-03T11:40:28+00:00","og_image":[{"url":"http:\/\/www.jingleweb.nl\/wp-content\/uploads\/2018\/06\/Genootschap-Benno-Dan-Ingram.jpg"}],"author":"Redactie","twitter_misc":{"Geschreven door":"Redactie","Geschatte leestijd":"1 minuut"},"schema":{"@context":"https:\/\/schema.org","@graph":[{"@type":"WebPage","@id":"https:\/\/www.jingleweb.nl\/index.php\/2018\/06\/25\/dan-ingram-is-overleden\/","url":"https:\/\/www.jingleweb.nl\/index.php\/2018\/06\/25\/dan-ingram-is-overleden\/","name":"Dan Ingram is overleden - Over radiojingles en radiotunes","isPartOf":{"@id":"https:\/\/www.jingleweb.nl\/#website"},"datePublished":"2018-06-25T15:53:07+00:00","dateModified":"2018-07-03T11:40:28+00:00","author":{"@id":"https:\/\/www.jingleweb.nl\/#\/schema\/person\/1497b51ad91582515d314dd400786f8a"},"breadcrumb":{"@id":"https:\/\/www.jingleweb.nl\/index.php\/2018\/06\/25\/dan-ingram-is-overleden\/#breadcrumb"},"inLanguage":"nl-NL","potentialAction":[{"@type":"ReadAction","target":["https:\/\/www.jingleweb.nl\/index.php\/2018\/06\/25\/dan-ingram-is-overleden\/"]}]},{"@type":"BreadcrumbList","@id":"https:\/\/www.jingleweb.nl\/index.php\/2018\/06\/25\/dan-ingram-is-overleden\/#breadcrumb","itemListElement":[{"@type":"ListItem","position":1,"name":"Home","item":"https:\/\/www.jingleweb.nl\/"},{"@type":"ListItem","position":2,"name":"Dan Ingram is overleden"}]},{"@type":"WebSite","@id":"https:\/\/www.jingleweb.nl\/#website","url":"https:\/\/www.jingleweb.nl\/","name":"Over radiojingles en radiotunes","description":"","potentialAction":[{"@type":"SearchAction","target":{"@type":"EntryPoint","urlTemplate":"https:\/\/www.jingleweb.nl\/?s={search_term_string}"},"query-input":"required name=search_term_string"}],"inLanguage":"nl-NL"},{"@type":"Person","@id":"https:\/\/www.jingleweb.nl\/#\/schema\/person\/1497b51ad91582515d314dd400786f8a","name":"Redactie","image":{"@type":"ImageObject","inLanguage":"nl-NL","@id":"https:\/\/www.jingleweb.nl\/#\/schema\/person\/image\/","url":"https:\/\/secure.gravatar.com\/avatar\/2041ac0b376204400f0ca382ac687d24?s=96&d=mm&r=g","contentUrl":"https:\/\/secure.gravatar.com\/avatar\/2041ac0b376204400f0ca382ac687d24?s=96&d=mm&r=g","caption":"Redactie"},"sameAs":["http:\/\/www.jingleweb.nl"],"url":"https:\/\/www.jingleweb.nl\/index.php\/author\/jelle\/"}]}},"jetpack_featured_media_url":"","jetpack_sharing_enabled":true,"jetpack_shortlink":"https:\/\/wp.me\/p7g4ku-78w","jetpack-related-posts":[{"id":33560,"url":"https:\/\/www.jingleweb.nl\/index.php\/2023\/07\/11\/ook-jinglemaker-jam-produceerde-syndicated-shows\/","url_meta":{"origin":27436,"position":0},"title":"Ook jinglemaker JAM produceerde syndicated shows","author":"Redactie","date":"11 juli 2023","format":false,"excerpt":"11.07.2023 - Wist jij dat jinglemaker JAM in Dallas ooit een syndicated programma heeft gelanceerd? Het heette The Weekend Music Review, een wekelijkse show van 3 uur gepresenteerd door Dan Ingram. The Weekend Music Review telde de AC Top 20 af en besprak wat er dat weekend 20, 15, 10\u2026","rel":"","context":"In &quot;Jingles&quot;","block_context":{"text":"Jingles","link":"https:\/\/www.jingleweb.nl\/index.php\/category\/jingles\/"},"img":{"alt_text":"","src":"https:\/\/i0.wp.com\/www.jingleweb.nl\/wp-content\/uploads\/2023\/07\/JAM-text-Weekend-Music-Review-advert-RR-Programming-Guide-voorjaar-1987.jpg?resize=350%2C200&ssl=1","width":350,"height":200},"classes":[]},{"id":14589,"url":"https:\/\/www.jingleweb.nl\/index.php\/2013\/06\/24\/jam-opeens-in-stereo\/","url_meta":{"origin":27436,"position":1},"title":"JAM, opeens in stereo","author":"Redactie","date":"24 juni 2013","format":false,"excerpt":"24.06.2013 - Jon Wolfert, de president van jinglemaatschappij JAM, is aan het terugkijken geslagen. Naar 1978, een periode waarin JAM `met schwung het ene na het andere toppakket de wereld in slingerende. En niet alleen dat. Hij heeft 'Make it Mellow' opgefrist, een pakket dat indertijd in mono de deur\u2026","rel":"","context":"In &quot;Demo Make it mellow&quot;","block_context":{"text":"Demo Make it mellow","link":"https:\/\/www.jingleweb.nl\/index.php\/category\/demo-make-it-mellow\/"},"img":{"alt_text":"","src":"https:\/\/i0.wp.com\/www.jingleweb.nl\/wp-content\/uploads\/2013\/06\/JAM-Stereo.jpg?resize=350%2C200","width":350,"height":200},"classes":[]},{"id":31397,"url":"https:\/\/www.jingleweb.nl\/index.php\/2021\/10\/08\/de-roadtrip-van-jinglemaker-jon-wolfert\/","url_meta":{"origin":27436,"position":2},"title":"De roadtrip van jinglemaker Jon Wolfert","author":"Redactie","date":"8 oktober 2021","format":false,"excerpt":"De auto van Jon Wolfert vanaf september 1971 - foto JAM 08.10.2021 - Het is 9 september 1971. De nog jonge Jon Wolfert in New York krijgt een telefoontje (dat hij op een bandrecorder opneemt!!) van Bill Meeks van jinglebedrijf PAMS in Dallas. Jon is aangenomen! Op maandag 27 september\u2026","rel":"","context":"In &quot;Jingles&quot;","block_context":{"text":"Jingles","link":"https:\/\/www.jingleweb.nl\/index.php\/category\/jingles\/"},"img":{"alt_text":"","src":"https:\/\/i0.wp.com\/www.jingleweb.nl\/wp-content\/uploads\/2021\/10\/Panasonic-5-inch.jpg?resize=350%2C200&ssl=1","width":350,"height":200},"classes":[]},{"id":32631,"url":"https:\/\/www.jingleweb.nl\/index.php\/2023\/01\/01\/nooit-op-de-radio-geweest-superadio-jingles-van-jam-en-abc\/","url_meta":{"origin":27436,"position":3},"title":"Nooit op de radio geweest: Superadio jingles van JAM en ABC","author":"Redactie","date":"1 januari 2023","format":false,"excerpt":"01.01.2023 - Wij, de makers van Jingleweb (Jelle Boonstra en Benno Roozen) wensen jou en jullie een gelukkig, gezond en jinglerijk 2023 toe. ++++Jingleproducent JAM in Dallas en topman Jon Wolfert hebben er een jaar aan gewerkt en er h\u00e9\u00e9l veel geld mee verdiend. Maar de oorspronkelijke jingles zijn nooit\u2026","rel":"","context":"In &quot;Jingles&quot;","block_context":{"text":"Jingles","link":"https:\/\/www.jingleweb.nl\/index.php\/category\/jingles\/"},"img":{"alt_text":"","src":"https:\/\/i0.wp.com\/www.jingleweb.nl\/wp-content\/uploads\/2022\/12\/De-Clock-van-Superadio.jpg?resize=350%2C200&ssl=1","width":350,"height":200},"classes":[]},{"id":29155,"url":"https:\/\/www.jingleweb.nl\/index.php\/2019\/09\/12\/jon-wolfert-over-jingles-what-else\/","url_meta":{"origin":27436,"position":4},"title":"Jon Wolfert over &#8230; jingles, what else?","author":"Redactie","date":"12 september 2019","format":false,"excerpt":"Rosana Eckert en Jon WolfertFoto: Jon Wolfert 12.09.2019 - Elke zondagochtend van 08.00 tot 11.00 uur maakt JAM-oprichter Jon Wolfert een 3 uur durende live uitzending op Rewound Radio. Hij draait muziek uit de jaren '50 tot '80. So far, so good. Maar soms komen er jingle-items langs in zo'n\u2026","rel":"","context":"In &quot;Jingles&quot;","block_context":{"text":"Jingles","link":"https:\/\/www.jingleweb.nl\/index.php\/category\/jingles\/"},"img":{"alt_text":"","src":"https:\/\/i0.wp.com\/www.jingleweb.nl\/wp-content\/uploads\/2019\/09\/Jon-Wolfert-and-Rosana-Eckert-Foto-Jon-Wolfert.jpg?resize=350%2C200&ssl=1","width":350,"height":200},"classes":[]},{"id":29068,"url":"https:\/\/www.jingleweb.nl\/index.php\/2019\/08\/21\/de-jingles-van-jam-en-chris-kershaw\/","url_meta":{"origin":27436,"position":5},"title":"De jingles van JAM en Chris Kershaw","author":"Redactie","date":"21 augustus 2019","format":false,"excerpt":"Chris Kershaw (midden) in een koor bij PAMS - foto Jon Wolfert 21.08.2019 - Chris Kershaw. Zijn naam is bekend in jingleland, maar wellicht niet zo bekend als deze zou moeten zijn. Online is eigenlijk relatief weinig over hem te vinden. En ook in het beperkt aantal boeken over jingles\u2026","rel":"","context":"In &quot;Jingles&quot;","block_context":{"text":"Jingles","link":"https:\/\/www.jingleweb.nl\/index.php\/category\/jingles\/"},"img":{"alt_text":"Chris Kershaw in 1986 - foto Jon Wolfert","src":"https:\/\/i0.wp.com\/www.jingleweb.nl\/wp-content\/uploads\/2019\/08\/Chris-Kershaw-in-1986-foto-Jon-Wolfert.jpg?resize=350%2C200&ssl=1","width":350,"height":200},"classes":[]}],"_links":{"self":[{"href":"https:\/\/www.jingleweb.nl\/index.php\/wp-json\/wp\/v2\/posts\/27436"}],"collection":[{"href":"https:\/\/www.jingleweb.nl\/index.php\/wp-json\/wp\/v2\/posts"}],"about":[{"href":"https:\/\/www.jingleweb.nl\/index.php\/wp-json\/wp\/v2\/types\/post"}],"author":[{"embeddable":true,"href":"https:\/\/www.jingleweb.nl\/index.php\/wp-json\/wp\/v2\/users\/2"}],"replies":[{"embeddable":true,"href":"https:\/\/www.jingleweb.nl\/index.php\/wp-json\/wp\/v2\/comments?post=27436"}],"version-history":[{"count":5,"href":"https:\/\/www.jingleweb.nl\/index.php\/wp-json\/wp\/v2\/posts\/27436\/revisions"}],"predecessor-version":[{"id":27444,"href":"https:\/\/www.jingleweb.nl\/index.php\/wp-json\/wp\/v2\/posts\/27436\/revisions\/27444"}],"wp:attachment":[{"href":"https:\/\/www.jingleweb.nl\/index.php\/wp-json\/wp\/v2\/media?parent=27436"}],"wp:term":[{"taxonomy":"category","embeddable":true,"href":"https:\/\/www.jingleweb.nl\/index.php\/wp-json\/wp\/v2\/categories?post=27436"},{"taxonomy":"post_tag","embeddable":true,"href":"https:\/\/www.jingleweb.nl\/index.php\/wp-json\/wp\/v2\/tags?post=27436"}],"curies":[{"name":"wp","href":"https:\/\/api.w.org\/{rel}","templated":true}]}}