{"id":2602,"date":"2010-03-11T09:07:35","date_gmt":"2010-03-11T08:07:35","guid":{"rendered":"http:\/\/www.jingleweb.nl\/?p=2602"},"modified":"2010-03-15T20:25:58","modified_gmt":"2010-03-15T19:25:58","slug":"bart-van-gogh-spreekt-in-kopenhagen","status":"publish","type":"post","link":"https:\/\/www.jingleweb.nl\/index.php\/2010\/03\/11\/bart-van-gogh-spreekt-in-kopenhagen\/","title":{"rendered":"Bart van Gogh spreekt in Kopenhagen"},"content":{"rendered":"<p><img data-attachment-id=\"2601\" data-permalink=\"https:\/\/www.jingleweb.nl\/index.php\/2010\/03\/11\/bart-van-gogh-spreekt-in-kopenhagen\/a_bart_van_gogh\/\" data-orig-file=\"https:\/\/i0.wp.com\/www.jingleweb.nl\/wp-content\/uploads\/2010\/02\/A_Bart_van_Gogh.jpg?fit=278%2C198&amp;ssl=1\" data-orig-size=\"278,198\" data-comments-opened=\"0\" data-image-meta=\"{&quot;aperture&quot;:&quot;2.8&quot;,&quot;credit&quot;:&quot;&quot;,&quot;camera&quot;:&quot;Canon DIGITAL IXUS 80 IS&quot;,&quot;caption&quot;:&quot;&quot;,&quot;created_timestamp&quot;:&quot;1246998152&quot;,&quot;copyright&quot;:&quot;&quot;,&quot;focal_length&quot;:&quot;6.2&quot;,&quot;iso&quot;:&quot;250&quot;,&quot;shutter_speed&quot;:&quot;0.016666666666667&quot;,&quot;title&quot;:&quot;&quot;}\" data-image-title=\"A_Bart_van_Gogh\" data-image-description=\"\" data-image-caption=\"\" data-medium-file=\"https:\/\/i0.wp.com\/www.jingleweb.nl\/wp-content\/uploads\/2010\/02\/A_Bart_van_Gogh.jpg?fit=278%2C198&amp;ssl=1\" data-large-file=\"https:\/\/i0.wp.com\/www.jingleweb.nl\/wp-content\/uploads\/2010\/02\/A_Bart_van_Gogh.jpg?fit=278%2C198&amp;ssl=1\" decoding=\"async\" loading=\"lazy\" class=\"size-thumbnail wp-image-2601 alignleft\" title=\"Top Format, Bart van Gogh in 2010\" src=\"https:\/\/i0.wp.com\/www.jingleweb.nl\/wp-content\/uploads\/2010\/02\/A_Bart_van_Gogh.jpg?resize=150%2C150\" alt=\"\" width=\"150\" height=\"150\" data-recalc-dims=\"1\" \/><\/p>\n<p><strong>11.03.2010 &#8211; <\/strong><a onclick=\"javascript:pageTracker._trackPageview('\/outgoing\/www.bartvangogh.nl\/');\"  href=\"http:\/\/www.bartvangogh.nl\/\" target=\"_blank\">Bart van Gogh<\/a> (bekend van jingleproducent Top Format, tegenwoordig ook Senior Consultant van Top\u00a0of Mind)\u00a0is \u00e9\u00e9n van de &#8216;<a onclick=\"javascript:pageTracker._trackPageview('\/outgoing\/www.radiodayseurope.com\/speakers\/bart-van-gogh-top-mind-netherlands');\"  href=\"http:\/\/www.radiodayseurope.com\/speakers\/bart-van-gogh-top-mind-netherlands\" target=\"_blank\">key note speakers<\/a>&#8216; op\u00a0de &#8216;Radio Days&#8217;.\u00a0Deze radiobeurs wordt op 18 en 19 maart \u00a0gehouden in Kopenhagen.\u00a0 Het is de eerste editie van de Europese Radiodays (het voorbeeld ervan ligt in de USA). Bart wordt uitgenodigd in zijn hoedagheid als mede-oprichter van &#8216;<a onclick=\"javascript:pageTracker._trackPageview('\/outgoing\/www.topofmindmediabranding.eu');\"  href=\"http:\/\/www.topofmindmediabranding.eu\" target=\"_blank\">Top of mind<\/a>&#8216; dat nieuw talent begeleidt en\u00a0vorig jaar is\u00a0gestart. Top Format is overigens VIP Sponsor van de beurs.<\/p>\n<p><img data-attachment-id=\"2605\" data-permalink=\"https:\/\/www.jingleweb.nl\/index.php\/2010\/03\/11\/bart-van-gogh-spreekt-in-kopenhagen\/radiodays-europe-def\/\" data-orig-file=\"https:\/\/i0.wp.com\/www.jingleweb.nl\/wp-content\/uploads\/2010\/02\/Radiodays-Europe-DEF.jpg?fit=243%2C195&amp;ssl=1\" data-orig-size=\"243,195\" data-comments-opened=\"0\" data-image-meta=\"{&quot;aperture&quot;:&quot;0&quot;,&quot;credit&quot;:&quot;&quot;,&quot;camera&quot;:&quot;&quot;,&quot;caption&quot;:&quot;&quot;,&quot;created_timestamp&quot;:&quot;0&quot;,&quot;copyright&quot;:&quot;&quot;,&quot;focal_length&quot;:&quot;0&quot;,&quot;iso&quot;:&quot;0&quot;,&quot;shutter_speed&quot;:&quot;0&quot;,&quot;title&quot;:&quot;&quot;}\" data-image-title=\"Radiodays &#8211; Europe DEF\" data-image-description=\"\" data-image-caption=\"\" data-medium-file=\"https:\/\/i0.wp.com\/www.jingleweb.nl\/wp-content\/uploads\/2010\/02\/Radiodays-Europe-DEF.jpg?fit=243%2C195&amp;ssl=1\" data-large-file=\"https:\/\/i0.wp.com\/www.jingleweb.nl\/wp-content\/uploads\/2010\/02\/Radiodays-Europe-DEF.jpg?fit=243%2C195&amp;ssl=1\" decoding=\"async\" loading=\"lazy\" class=\"size-full wp-image-2605 alignright\" title=\"Radiodays in Copenhagen, march 2010\" src=\"https:\/\/i0.wp.com\/www.jingleweb.nl\/wp-content\/uploads\/2010\/02\/Radiodays-Europe-DEF.jpg?resize=113%2C81\" alt=\"\" width=\"113\" height=\"81\" data-recalc-dims=\"1\" \/>Niet alleen Top Format, maar ook SOB Audio Imaging in Naarden is aanwezig op de Radiodays Europe.\u00a0<a onclick=\"javascript:pageTracker._trackPageview('\/outgoing\/www.sob.nl');\"  href=\"http:\/\/www.sob.nl\" target=\"_blank\">SOB Audio Imaging<\/a> van Hans Everling zal nadrukkelijk acte de presence geven op de beurs in Kopenhagen. Ook SOB Audio Imaging sponsort de beurs. Meer over RadioDays\u00a0<a onclick=\"javascript:pageTracker._trackPageview('\/outgoing\/www.radiodayseurope.com');\"  href=\"http:\/\/www.radiodayseurope.com\" target=\"_blank\">hier<\/a>. Binnenkort kunnen we op Jingleweb meer jinglenieuws melden van SOB.<\/p>\n","protected":false},"excerpt":{"rendered":"<p>11.03.2010 &#8211; Bart van Gogh (bekend van jingleproducent Top Format, tegenwoordig ook Senior Consultant van Top\u00a0of Mind)\u00a0is \u00e9\u00e9n van de &#8216;key note speakers&#8216; op\u00a0de &#8216;Radio Days&#8217;.\u00a0Deze radiobeurs wordt op 18 en 19 maart \u00a0gehouden in Kopenhagen.\u00a0 Het is de eerste editie van de Europese Radiodays (het voorbeeld ervan ligt in de USA). Bart wordt uitgenodigd [&hellip;]<\/p>\n","protected":false},"author":2,"featured_media":0,"comment_status":"closed","ping_status":"closed","sticky":false,"template":"","format":"standard","meta":{"_monsterinsights_skip_tracking":false,"_monsterinsights_sitenote_active":false,"_monsterinsights_sitenote_note":"","_monsterinsights_sitenote_category":0,"jetpack_post_was_ever_published":false,"_jetpack_newsletter_access":"","footnotes":"","jetpack_publicize_message":"","jetpack_is_tweetstorm":false,"jetpack_publicize_feature_enabled":true,"jetpack_social_post_already_shared":false,"jetpack_social_options":{"image_generator_settings":{"template":"highway","enabled":false}}},"categories":[232,115,296,84],"tags":[],"jetpack_publicize_connections":[],"yoast_head":"<!-- This site is optimized with the Yoast SEO Premium plugin v20.13 (Yoast SEO v20.13) - https:\/\/yoast.com\/wordpress\/plugins\/seo\/ -->\n<title>Bart van Gogh spreekt in Kopenhagen - Over radiojingles en radiotunes<\/title>\n<meta name=\"robots\" content=\"index, follow, max-snippet:-1, max-image-preview:large, max-video-preview:-1\" \/>\n<link rel=\"canonical\" href=\"https:\/\/www.jingleweb.nl\/index.php\/2010\/03\/11\/bart-van-gogh-spreekt-in-kopenhagen\/\" \/>\n<meta property=\"og:locale\" content=\"nl_NL\" \/>\n<meta property=\"og:type\" content=\"article\" \/>\n<meta property=\"og:title\" content=\"Bart van Gogh spreekt in Kopenhagen\" \/>\n<meta property=\"og:description\" content=\"11.03.2010 &#8211; Bart van Gogh (bekend van jingleproducent Top Format, tegenwoordig ook Senior Consultant van Top\u00a0of Mind)\u00a0is \u00e9\u00e9n van de &#8216;key note speakers&#8216; op\u00a0de &#8216;Radio Days&#8217;.\u00a0Deze radiobeurs wordt op 18 en 19 maart \u00a0gehouden in Kopenhagen.\u00a0 Het is de eerste editie van de Europese Radiodays (het voorbeeld ervan ligt in de USA). Bart wordt uitgenodigd [&hellip;]\" \/>\n<meta property=\"og:url\" content=\"https:\/\/www.jingleweb.nl\/index.php\/2010\/03\/11\/bart-van-gogh-spreekt-in-kopenhagen\/\" \/>\n<meta property=\"og:site_name\" content=\"Over radiojingles en radiotunes\" \/>\n<meta property=\"article:published_time\" content=\"2010-03-11T08:07:35+00:00\" \/>\n<meta property=\"article:modified_time\" content=\"2010-03-15T19:25:58+00:00\" \/>\n<meta property=\"og:image\" content=\"http:\/\/www.jingleweb.nl\/wp-content\/uploads\/2010\/02\/A_Bart_van_Gogh-150x150.jpg\" \/>\n<meta name=\"author\" content=\"Redactie\" \/>\n<meta name=\"twitter:label1\" content=\"Geschreven door\" \/>\n\t<meta name=\"twitter:data1\" content=\"Redactie\" \/>\n\t<meta name=\"twitter:label2\" content=\"Geschatte leestijd\" \/>\n\t<meta name=\"twitter:data2\" content=\"1 minuut\" \/>\n<script type=\"application\/ld+json\" class=\"yoast-schema-graph\">{\"@context\":\"https:\/\/schema.org\",\"@graph\":[{\"@type\":\"WebPage\",\"@id\":\"https:\/\/www.jingleweb.nl\/index.php\/2010\/03\/11\/bart-van-gogh-spreekt-in-kopenhagen\/\",\"url\":\"https:\/\/www.jingleweb.nl\/index.php\/2010\/03\/11\/bart-van-gogh-spreekt-in-kopenhagen\/\",\"name\":\"Bart van Gogh spreekt in Kopenhagen - Over radiojingles en radiotunes\",\"isPartOf\":{\"@id\":\"https:\/\/www.jingleweb.nl\/#website\"},\"datePublished\":\"2010-03-11T08:07:35+00:00\",\"dateModified\":\"2010-03-15T19:25:58+00:00\",\"author\":{\"@id\":\"https:\/\/www.jingleweb.nl\/#\/schema\/person\/1497b51ad91582515d314dd400786f8a\"},\"breadcrumb\":{\"@id\":\"https:\/\/www.jingleweb.nl\/index.php\/2010\/03\/11\/bart-van-gogh-spreekt-in-kopenhagen\/#breadcrumb\"},\"inLanguage\":\"nl-NL\",\"potentialAction\":[{\"@type\":\"ReadAction\",\"target\":[\"https:\/\/www.jingleweb.nl\/index.php\/2010\/03\/11\/bart-van-gogh-spreekt-in-kopenhagen\/\"]}]},{\"@type\":\"BreadcrumbList\",\"@id\":\"https:\/\/www.jingleweb.nl\/index.php\/2010\/03\/11\/bart-van-gogh-spreekt-in-kopenhagen\/#breadcrumb\",\"itemListElement\":[{\"@type\":\"ListItem\",\"position\":1,\"name\":\"Home\",\"item\":\"https:\/\/www.jingleweb.nl\/\"},{\"@type\":\"ListItem\",\"position\":2,\"name\":\"Bart van Gogh spreekt in Kopenhagen\"}]},{\"@type\":\"WebSite\",\"@id\":\"https:\/\/www.jingleweb.nl\/#website\",\"url\":\"https:\/\/www.jingleweb.nl\/\",\"name\":\"Over radiojingles en radiotunes\",\"description\":\"\",\"potentialAction\":[{\"@type\":\"SearchAction\",\"target\":{\"@type\":\"EntryPoint\",\"urlTemplate\":\"https:\/\/www.jingleweb.nl\/?s={search_term_string}\"},\"query-input\":\"required name=search_term_string\"}],\"inLanguage\":\"nl-NL\"},{\"@type\":\"Person\",\"@id\":\"https:\/\/www.jingleweb.nl\/#\/schema\/person\/1497b51ad91582515d314dd400786f8a\",\"name\":\"Redactie\",\"image\":{\"@type\":\"ImageObject\",\"inLanguage\":\"nl-NL\",\"@id\":\"https:\/\/www.jingleweb.nl\/#\/schema\/person\/image\/\",\"url\":\"https:\/\/secure.gravatar.com\/avatar\/2041ac0b376204400f0ca382ac687d24?s=96&d=mm&r=g\",\"contentUrl\":\"https:\/\/secure.gravatar.com\/avatar\/2041ac0b376204400f0ca382ac687d24?s=96&d=mm&r=g\",\"caption\":\"Redactie\"},\"sameAs\":[\"http:\/\/www.jingleweb.nl\"],\"url\":\"https:\/\/www.jingleweb.nl\/index.php\/author\/jelle\/\"}]}<\/script>\n<!-- \/ Yoast SEO Premium plugin. -->","yoast_head_json":{"title":"Bart van Gogh spreekt in Kopenhagen - Over radiojingles en radiotunes","robots":{"index":"index","follow":"follow","max-snippet":"max-snippet:-1","max-image-preview":"max-image-preview:large","max-video-preview":"max-video-preview:-1"},"canonical":"https:\/\/www.jingleweb.nl\/index.php\/2010\/03\/11\/bart-van-gogh-spreekt-in-kopenhagen\/","og_locale":"nl_NL","og_type":"article","og_title":"Bart van Gogh spreekt in Kopenhagen","og_description":"11.03.2010 &#8211; Bart van Gogh (bekend van jingleproducent Top Format, tegenwoordig ook Senior Consultant van Top\u00a0of Mind)\u00a0is \u00e9\u00e9n van de &#8216;key note speakers&#8216; op\u00a0de &#8216;Radio Days&#8217;.\u00a0Deze radiobeurs wordt op 18 en 19 maart \u00a0gehouden in Kopenhagen.\u00a0 Het is de eerste editie van de Europese Radiodays (het voorbeeld ervan ligt in de USA). Bart wordt uitgenodigd [&hellip;]","og_url":"https:\/\/www.jingleweb.nl\/index.php\/2010\/03\/11\/bart-van-gogh-spreekt-in-kopenhagen\/","og_site_name":"Over radiojingles en radiotunes","article_published_time":"2010-03-11T08:07:35+00:00","article_modified_time":"2010-03-15T19:25:58+00:00","og_image":[{"url":"http:\/\/www.jingleweb.nl\/wp-content\/uploads\/2010\/02\/A_Bart_van_Gogh-150x150.jpg"}],"author":"Redactie","twitter_misc":{"Geschreven door":"Redactie","Geschatte leestijd":"1 minuut"},"schema":{"@context":"https:\/\/schema.org","@graph":[{"@type":"WebPage","@id":"https:\/\/www.jingleweb.nl\/index.php\/2010\/03\/11\/bart-van-gogh-spreekt-in-kopenhagen\/","url":"https:\/\/www.jingleweb.nl\/index.php\/2010\/03\/11\/bart-van-gogh-spreekt-in-kopenhagen\/","name":"Bart van Gogh spreekt in Kopenhagen - Over radiojingles en radiotunes","isPartOf":{"@id":"https:\/\/www.jingleweb.nl\/#website"},"datePublished":"2010-03-11T08:07:35+00:00","dateModified":"2010-03-15T19:25:58+00:00","author":{"@id":"https:\/\/www.jingleweb.nl\/#\/schema\/person\/1497b51ad91582515d314dd400786f8a"},"breadcrumb":{"@id":"https:\/\/www.jingleweb.nl\/index.php\/2010\/03\/11\/bart-van-gogh-spreekt-in-kopenhagen\/#breadcrumb"},"inLanguage":"nl-NL","potentialAction":[{"@type":"ReadAction","target":["https:\/\/www.jingleweb.nl\/index.php\/2010\/03\/11\/bart-van-gogh-spreekt-in-kopenhagen\/"]}]},{"@type":"BreadcrumbList","@id":"https:\/\/www.jingleweb.nl\/index.php\/2010\/03\/11\/bart-van-gogh-spreekt-in-kopenhagen\/#breadcrumb","itemListElement":[{"@type":"ListItem","position":1,"name":"Home","item":"https:\/\/www.jingleweb.nl\/"},{"@type":"ListItem","position":2,"name":"Bart van Gogh spreekt in Kopenhagen"}]},{"@type":"WebSite","@id":"https:\/\/www.jingleweb.nl\/#website","url":"https:\/\/www.jingleweb.nl\/","name":"Over radiojingles en radiotunes","description":"","potentialAction":[{"@type":"SearchAction","target":{"@type":"EntryPoint","urlTemplate":"https:\/\/www.jingleweb.nl\/?s={search_term_string}"},"query-input":"required name=search_term_string"}],"inLanguage":"nl-NL"},{"@type":"Person","@id":"https:\/\/www.jingleweb.nl\/#\/schema\/person\/1497b51ad91582515d314dd400786f8a","name":"Redactie","image":{"@type":"ImageObject","inLanguage":"nl-NL","@id":"https:\/\/www.jingleweb.nl\/#\/schema\/person\/image\/","url":"https:\/\/secure.gravatar.com\/avatar\/2041ac0b376204400f0ca382ac687d24?s=96&d=mm&r=g","contentUrl":"https:\/\/secure.gravatar.com\/avatar\/2041ac0b376204400f0ca382ac687d24?s=96&d=mm&r=g","caption":"Redactie"},"sameAs":["http:\/\/www.jingleweb.nl"],"url":"https:\/\/www.jingleweb.nl\/index.php\/author\/jelle\/"}]}},"jetpack_featured_media_url":"","jetpack_sharing_enabled":true,"jetpack_shortlink":"https:\/\/wp.me\/p7g4ku-FY","jetpack-related-posts":[{"id":30448,"url":"https:\/\/www.jingleweb.nl\/index.php\/2020\/11\/04\/boek-over-jinglemaker-bart-van-gogh-op-komst\/","url_meta":{"origin":2602,"position":0},"title":"Boek over jinglemaker Bart van Gogh op komst","author":"Redactie","date":"4 november 2020","format":false,"excerpt":"Boek over jinglemaker Bart van Gogh op komst","rel":"","context":"In &quot;Jingles&quot;","block_context":{"text":"Jingles","link":"https:\/\/www.jingleweb.nl\/index.php\/category\/jingles\/"},"img":{"alt_text":"","src":"https:\/\/i0.wp.com\/www.jingleweb.nl\/wp-content\/uploads\/2020\/11\/Boek.jpg?resize=350%2C200&ssl=1","width":350,"height":200,"srcset":"https:\/\/i0.wp.com\/www.jingleweb.nl\/wp-content\/uploads\/2020\/11\/Boek.jpg?resize=350%2C200&ssl=1 1x, https:\/\/i0.wp.com\/www.jingleweb.nl\/wp-content\/uploads\/2020\/11\/Boek.jpg?resize=525%2C300&ssl=1 1.5x, https:\/\/i0.wp.com\/www.jingleweb.nl\/wp-content\/uploads\/2020\/11\/Boek.jpg?resize=700%2C400&ssl=1 2x, https:\/\/i0.wp.com\/www.jingleweb.nl\/wp-content\/uploads\/2020\/11\/Boek.jpg?resize=1050%2C600&ssl=1 3x, https:\/\/i0.wp.com\/www.jingleweb.nl\/wp-content\/uploads\/2020\/11\/Boek.jpg?resize=1400%2C800&ssl=1 4x"},"classes":[]},{"id":628,"url":"https:\/\/www.jingleweb.nl\/index.php\/2008\/03\/22\/kas-van-iersel-de-nieuwe-bart-van-gogh-bij-sky\/","url_meta":{"origin":2602,"position":1},"title":"Kas van Iersel neemt over van Bart van Gogh op Sky","author":"Redactie","date":"22 maart 2008","format":false,"excerpt":"22.03.2008 - Kas van Iersel wordt de nieuwe station voice van Sky Radio. Daarmee neemt hij de plaats in van Bart van Gogh die dat sinds begin jaren negentig heeft gedaan. Van Gogh is \u00e9\u00e9n van de grote namen achter jingleproducent Top Format in Haarlem. De komst van Van Iersel\u2026","rel":"","context":"In &quot;Bart van Gogh&quot;","block_context":{"text":"Bart van Gogh","link":"https:\/\/www.jingleweb.nl\/index.php\/category\/bart-van-gogh\/"},"img":{"alt_text":"","src":"","width":0,"height":0},"classes":[]},{"id":30468,"url":"https:\/\/www.jingleweb.nl\/index.php\/2020\/11\/18\/boek-over-jinglemaker-bart-van-gogh\/","url_meta":{"origin":2602,"position":2},"title":"Boek over jinglemaker Bart van Gogh","author":"Redactie","date":"18 november 2020","format":false,"excerpt":"Vandaag is het zo ver: het boek \"Bart! De Van Gogh van de jingles\" komt uit. Met een online talkshow via Top Format, geheel volgens de coronaregels.","rel":"","context":"In &quot;Jingles&quot;","block_context":{"text":"Jingles","link":"https:\/\/www.jingleweb.nl\/index.php\/category\/jingles\/"},"img":{"alt_text":"","src":"https:\/\/i0.wp.com\/www.jingleweb.nl\/wp-content\/uploads\/2020\/11\/Boek.jpg?resize=350%2C200&ssl=1","width":350,"height":200},"classes":[]},{"id":33571,"url":"https:\/\/www.jingleweb.nl\/index.php\/2023\/07\/12\/radiostem-bart-van-gogh-komt-met-interactieve-website\/","url_meta":{"origin":2602,"position":3},"title":"Radiostem Bart van Gogh komt met interactieve website","author":"Redactie","date":"12 juli 2023","format":false,"excerpt":"12.07.2023 - Veel van onze lezers zullen Bart van Gogh (van stem) kennen: van jinglebedrijf Top Format, van \"Kip, het meest veelzijdige stukje vlees\" en als jarenlange de zenderstem van Sky Radio. En van h\u00e9\u00e9l v\u00e9\u00e9l andere commercials en programma's. Zoals veel voice-overs \/ stemacteurs heeft ook hij een website.\u2026","rel":"","context":"In &quot;Jingles&quot;","block_context":{"text":"Jingles","link":"https:\/\/www.jingleweb.nl\/index.php\/category\/jingles\/"},"img":{"alt_text":"","src":"https:\/\/i0.wp.com\/www.jingleweb.nl\/wp-content\/uploads\/2023\/07\/HS51-2-Bart2.-JB-scaled.jpg?resize=350%2C200&ssl=1","width":350,"height":200},"classes":[]},{"id":14227,"url":"https:\/\/www.jingleweb.nl\/index.php\/2013\/05\/23\/een-echte-van-gogh-op-de-radio\/","url_meta":{"origin":2602,"position":4},"title":"Een echte Van Gogh op je radio","author":"Redactie","date":"23 mei 2013","format":false,"excerpt":"23.05.2013 - Bart van Gogh - stem, jinglemaker, adviseur en Hagenees van geboorte - is vanaf begin deze week de nieuwe stationsstem van de regionale zender Radio West. \"Er best wel trots op de nieuwe stem van Radio West te zijn\", zet Bart op zijn Facebook pagina.\u00a0\"Ook wel een eer\u2026","rel":"","context":"In &quot;Bart van Gogh&quot;","block_context":{"text":"Bart van Gogh","link":"https:\/\/www.jingleweb.nl\/index.php\/category\/bart-van-gogh\/"},"img":{"alt_text":"","src":"","width":0,"height":0},"classes":[]},{"id":36256,"url":"https:\/\/www.jingleweb.nl\/index.php\/2025\/09\/03\/bart-van-gogh-na-42-jaar-weg-bij-jinglebedrijf-top-format\/","url_meta":{"origin":2602,"position":5},"title":"Bart van Gogh na 42 jaar weg bij jinglebedrijf Top Format","author":"Redactie","date":"3 september 2025","format":false,"excerpt":"Bart van Gogh\u00a0(1959) heeft na 42 jaar afscheid genomen bij jinglemaker\u00a0Top Format, dat vanaf binnenkort TFA heet.Bart was \u00e9\u00e9n van de key-note spelers in het vak. Bij het Haarlemse bedrijf bracht hij de jingleproductie gaandeweg op een hoger plan. Aanvankelijk deed Top Format louter resings van W.B. Tanner-pakketten uit Memphis.\u2026","rel":"","context":"In &quot;Jingles&quot;","block_context":{"text":"Jingles","link":"https:\/\/www.jingleweb.nl\/index.php\/category\/jingles\/"},"img":{"alt_text":"","src":"https:\/\/i0.wp.com\/www.jingleweb.nl\/wp-content\/uploads\/2025\/09\/Schermafbeelding-2025-09-03-132531.png?resize=350%2C200&ssl=1","width":350,"height":200,"srcset":"https:\/\/i0.wp.com\/www.jingleweb.nl\/wp-content\/uploads\/2025\/09\/Schermafbeelding-2025-09-03-132531.png?resize=350%2C200&ssl=1 1x, https:\/\/i0.wp.com\/www.jingleweb.nl\/wp-content\/uploads\/2025\/09\/Schermafbeelding-2025-09-03-132531.png?resize=525%2C300&ssl=1 1.5x, https:\/\/i0.wp.com\/www.jingleweb.nl\/wp-content\/uploads\/2025\/09\/Schermafbeelding-2025-09-03-132531.png?resize=700%2C400&ssl=1 2x, https:\/\/i0.wp.com\/www.jingleweb.nl\/wp-content\/uploads\/2025\/09\/Schermafbeelding-2025-09-03-132531.png?resize=1050%2C600&ssl=1 3x, https:\/\/i0.wp.com\/www.jingleweb.nl\/wp-content\/uploads\/2025\/09\/Schermafbeelding-2025-09-03-132531.png?resize=1400%2C800&ssl=1 4x"},"classes":[]}],"_links":{"self":[{"href":"https:\/\/www.jingleweb.nl\/index.php\/wp-json\/wp\/v2\/posts\/2602"}],"collection":[{"href":"https:\/\/www.jingleweb.nl\/index.php\/wp-json\/wp\/v2\/posts"}],"about":[{"href":"https:\/\/www.jingleweb.nl\/index.php\/wp-json\/wp\/v2\/types\/post"}],"author":[{"embeddable":true,"href":"https:\/\/www.jingleweb.nl\/index.php\/wp-json\/wp\/v2\/users\/2"}],"replies":[{"embeddable":true,"href":"https:\/\/www.jingleweb.nl\/index.php\/wp-json\/wp\/v2\/comments?post=2602"}],"version-history":[{"count":14,"href":"https:\/\/www.jingleweb.nl\/index.php\/wp-json\/wp\/v2\/posts\/2602\/revisions"}],"predecessor-version":[{"id":3315,"href":"https:\/\/www.jingleweb.nl\/index.php\/wp-json\/wp\/v2\/posts\/2602\/revisions\/3315"}],"wp:attachment":[{"href":"https:\/\/www.jingleweb.nl\/index.php\/wp-json\/wp\/v2\/media?parent=2602"}],"wp:term":[{"taxonomy":"category","embeddable":true,"href":"https:\/\/www.jingleweb.nl\/index.php\/wp-json\/wp\/v2\/categories?post=2602"},{"taxonomy":"post_tag","embeddable":true,"href":"https:\/\/www.jingleweb.nl\/index.php\/wp-json\/wp\/v2\/tags?post=2602"}],"curies":[{"name":"wp","href":"https:\/\/api.w.org\/{rel}","templated":true}]}}