{"id":24312,"date":"2016-08-26T14:10:28","date_gmt":"2016-08-26T12:10:28","guid":{"rendered":"http:\/\/www.jingleweb.nl\/?p=24312"},"modified":"2016-08-26T14:13:12","modified_gmt":"2016-08-26T12:13:12","slug":"kerstjingles-in-de-zomer","status":"publish","type":"post","link":"https:\/\/www.jingleweb.nl\/index.php\/2016\/08\/26\/kerstjingles-in-de-zomer\/","title":{"rendered":"Kerstjingles in de zomer"},"content":{"rendered":"<p><strong><a onclick=\"javascript:pageTracker._trackPageview('\/downloads\/wp-content\/uploads\/2016\/08\/foto-Bart-van-Hoof.jpg');\"  href=\"https:\/\/i0.wp.com\/www.jingleweb.nl\/wp-content\/uploads\/2016\/08\/foto-Bart-van-Hoof.jpg\" rel=\"attachment wp-att-24313\"><img data-attachment-id=\"24313\" data-permalink=\"https:\/\/www.jingleweb.nl\/index.php\/2016\/08\/26\/kerstjingles-in-de-zomer\/foto-bart-van-hoof\/\" data-orig-file=\"https:\/\/i0.wp.com\/www.jingleweb.nl\/wp-content\/uploads\/2016\/08\/foto-Bart-van-Hoof.jpg?fit=960%2C720&amp;ssl=1\" data-orig-size=\"960,720\" data-comments-opened=\"0\" data-image-meta=\"{&quot;aperture&quot;:&quot;0&quot;,&quot;credit&quot;:&quot;&quot;,&quot;camera&quot;:&quot;&quot;,&quot;caption&quot;:&quot;&quot;,&quot;created_timestamp&quot;:&quot;0&quot;,&quot;copyright&quot;:&quot;&quot;,&quot;focal_length&quot;:&quot;0&quot;,&quot;iso&quot;:&quot;0&quot;,&quot;shutter_speed&quot;:&quot;0&quot;,&quot;title&quot;:&quot;&quot;,&quot;orientation&quot;:&quot;0&quot;}\" data-image-title=\"foto Bart van Hoof\" data-image-description=\"\" data-image-caption=\"\" data-medium-file=\"https:\/\/i0.wp.com\/www.jingleweb.nl\/wp-content\/uploads\/2016\/08\/foto-Bart-van-Hoof.jpg?fit=300%2C225&amp;ssl=1\" data-large-file=\"https:\/\/i0.wp.com\/www.jingleweb.nl\/wp-content\/uploads\/2016\/08\/foto-Bart-van-Hoof.jpg?fit=960%2C720&amp;ssl=1\" decoding=\"async\" loading=\"lazy\" class=\"alignright size-medium wp-image-24313\" src=\"https:\/\/i0.wp.com\/www.jingleweb.nl\/wp-content\/uploads\/2016\/08\/foto-Bart-van-Hoof.jpg?resize=300%2C225\" alt=\"foto Bart van Hoof\" width=\"300\" height=\"225\" srcset=\"https:\/\/i0.wp.com\/www.jingleweb.nl\/wp-content\/uploads\/2016\/08\/foto-Bart-van-Hoof.jpg?resize=300%2C225&amp;ssl=1 300w, https:\/\/i0.wp.com\/www.jingleweb.nl\/wp-content\/uploads\/2016\/08\/foto-Bart-van-Hoof.jpg?resize=768%2C576&amp;ssl=1 768w, https:\/\/i0.wp.com\/www.jingleweb.nl\/wp-content\/uploads\/2016\/08\/foto-Bart-van-Hoof.jpg?resize=938%2C704&amp;ssl=1 938w, https:\/\/i0.wp.com\/www.jingleweb.nl\/wp-content\/uploads\/2016\/08\/foto-Bart-van-Hoof.jpg?w=960&amp;ssl=1 960w\" sizes=\"(max-width: 300px) 100vw, 300px\" data-recalc-dims=\"1\" \/><\/a>26.08.2016<\/strong> &#8211; De eerste pepernoten liggen al in de winkels. Waarom zouden er dan niet al kerstjingles op de radio zijn? Nou, zover is het nog n\u00e9t niet, maar\u00a0bij <a onclick=\"javascript:pageTracker._trackPageview('\/outgoing\/www.topformat.nl');\"  href=\"http:\/\/www.topformat.nl\" target=\"_blank\">Top Format <\/a>in Haarlem worden rond deze dagen kerstjingles gemixed voor de regionale Omroep Brabant. Die heeft vanwege wisseling van programmering opnieuw behoefte aan nieuwe jingles en liet die na een pitch maken in Haarlem. <a onclick=\"javascript:pageTracker._trackPageview('\/outgoing\/www.instagram.com\/p\/BI-MSfBBRYO\/');\"  href=\"https:\/\/www.instagram.com\/p\/BI-MSfBBRYO\/\" target=\"_blank\">Een filmpje<\/a>\u00a0van de strijkers-sessie publiceerden wij onlangs al, zonder toen te weten dat het daar ook om de Omroep Brabant jingles ging. We hadden het aan de melodielijn van het logo kunnen horen. En nu kunnen we daar dus ook foto&#8217;s van de mixage bij voegen, want ook de zang is inmiddels opgenomen. Ach, nog 4 maanden, en het is alweer 2e Kerstdag&#8230; (foto&#8217;s Bart van Hoof, rechts op de bovenste foto)<\/p>\n","protected":false},"excerpt":{"rendered":"<p>26.08.2016 &#8211; De eerste pepernoten liggen al in de winkels. Waarom zouden er dan niet al kerstjingles op de radio zijn? Nou, zover is het nog n\u00e9t niet, maar\u00a0bij Top Format in Haarlem worden rond deze dagen kerstjingles gemixed voor de regionale Omroep Brabant. Die heeft vanwege wisseling van programmering opnieuw behoefte aan nieuwe jingles [&hellip;]<\/p>\n","protected":false},"author":3,"featured_media":0,"comment_status":"closed","ping_status":"closed","sticky":false,"template":"","format":"standard","meta":{"_monsterinsights_skip_tracking":false,"_monsterinsights_sitenote_active":false,"_monsterinsights_sitenote_note":"","_monsterinsights_sitenote_category":0,"jetpack_post_was_ever_published":false,"_jetpack_newsletter_access":"","footnotes":"","jetpack_publicize_message":"","jetpack_is_tweetstorm":false,"jetpack_publicize_feature_enabled":true,"jetpack_social_post_already_shared":false,"jetpack_social_options":{"image_generator_settings":{"template":"highway","enabled":false}}},"categories":[115,84],"tags":[],"jetpack_publicize_connections":[],"yoast_head":"<!-- This site is optimized with the Yoast SEO Premium plugin v20.13 (Yoast SEO v20.13) - https:\/\/yoast.com\/wordpress\/plugins\/seo\/ -->\n<title>Kerstjingles in de zomer - Over radiojingles en radiotunes<\/title>\n<meta name=\"robots\" content=\"index, follow, max-snippet:-1, max-image-preview:large, max-video-preview:-1\" \/>\n<link rel=\"canonical\" href=\"https:\/\/www.jingleweb.nl\/index.php\/2016\/08\/26\/kerstjingles-in-de-zomer\/\" \/>\n<meta property=\"og:locale\" content=\"nl_NL\" \/>\n<meta property=\"og:type\" content=\"article\" \/>\n<meta property=\"og:title\" content=\"Kerstjingles in de zomer\" \/>\n<meta property=\"og:description\" content=\"26.08.2016 &#8211; De eerste pepernoten liggen al in de winkels. Waarom zouden er dan niet al kerstjingles op de radio zijn? Nou, zover is het nog n\u00e9t niet, maar\u00a0bij Top Format in Haarlem worden rond deze dagen kerstjingles gemixed voor de regionale Omroep Brabant. Die heeft vanwege wisseling van programmering opnieuw behoefte aan nieuwe jingles [&hellip;]\" \/>\n<meta property=\"og:url\" content=\"https:\/\/www.jingleweb.nl\/index.php\/2016\/08\/26\/kerstjingles-in-de-zomer\/\" \/>\n<meta property=\"og:site_name\" content=\"Over radiojingles en radiotunes\" \/>\n<meta property=\"article:published_time\" content=\"2016-08-26T12:10:28+00:00\" \/>\n<meta property=\"article:modified_time\" content=\"2016-08-26T12:13:12+00:00\" \/>\n<meta property=\"og:image\" content=\"http:\/\/www.jingleweb.nl\/wp-content\/uploads\/2016\/08\/foto-Bart-van-Hoof-300x225.jpg\" \/>\n<meta name=\"author\" content=\"Redactie\" \/>\n<meta name=\"twitter:label1\" content=\"Geschreven door\" \/>\n\t<meta name=\"twitter:data1\" content=\"Redactie\" \/>\n\t<meta name=\"twitter:label2\" content=\"Geschatte leestijd\" \/>\n\t<meta name=\"twitter:data2\" content=\"1 minuut\" \/>\n<script type=\"application\/ld+json\" class=\"yoast-schema-graph\">{\"@context\":\"https:\/\/schema.org\",\"@graph\":[{\"@type\":\"WebPage\",\"@id\":\"https:\/\/www.jingleweb.nl\/index.php\/2016\/08\/26\/kerstjingles-in-de-zomer\/\",\"url\":\"https:\/\/www.jingleweb.nl\/index.php\/2016\/08\/26\/kerstjingles-in-de-zomer\/\",\"name\":\"Kerstjingles in de zomer - Over radiojingles en radiotunes\",\"isPartOf\":{\"@id\":\"https:\/\/www.jingleweb.nl\/#website\"},\"datePublished\":\"2016-08-26T12:10:28+00:00\",\"dateModified\":\"2016-08-26T12:13:12+00:00\",\"author\":{\"@id\":\"https:\/\/www.jingleweb.nl\/#\/schema\/person\/b3983b82219b6ec653c5f51389a7cb14\"},\"breadcrumb\":{\"@id\":\"https:\/\/www.jingleweb.nl\/index.php\/2016\/08\/26\/kerstjingles-in-de-zomer\/#breadcrumb\"},\"inLanguage\":\"nl-NL\",\"potentialAction\":[{\"@type\":\"ReadAction\",\"target\":[\"https:\/\/www.jingleweb.nl\/index.php\/2016\/08\/26\/kerstjingles-in-de-zomer\/\"]}]},{\"@type\":\"BreadcrumbList\",\"@id\":\"https:\/\/www.jingleweb.nl\/index.php\/2016\/08\/26\/kerstjingles-in-de-zomer\/#breadcrumb\",\"itemListElement\":[{\"@type\":\"ListItem\",\"position\":1,\"name\":\"Home\",\"item\":\"https:\/\/www.jingleweb.nl\/\"},{\"@type\":\"ListItem\",\"position\":2,\"name\":\"Kerstjingles in de zomer\"}]},{\"@type\":\"WebSite\",\"@id\":\"https:\/\/www.jingleweb.nl\/#website\",\"url\":\"https:\/\/www.jingleweb.nl\/\",\"name\":\"Over radiojingles en radiotunes\",\"description\":\"\",\"potentialAction\":[{\"@type\":\"SearchAction\",\"target\":{\"@type\":\"EntryPoint\",\"urlTemplate\":\"https:\/\/www.jingleweb.nl\/?s={search_term_string}\"},\"query-input\":\"required name=search_term_string\"}],\"inLanguage\":\"nl-NL\"},{\"@type\":\"Person\",\"@id\":\"https:\/\/www.jingleweb.nl\/#\/schema\/person\/b3983b82219b6ec653c5f51389a7cb14\",\"name\":\"Redactie\",\"image\":{\"@type\":\"ImageObject\",\"inLanguage\":\"nl-NL\",\"@id\":\"https:\/\/www.jingleweb.nl\/#\/schema\/person\/image\/\",\"url\":\"https:\/\/secure.gravatar.com\/avatar\/38eb0bd2d9d314aa5239172a231319fb?s=96&d=mm&r=g\",\"contentUrl\":\"https:\/\/secure.gravatar.com\/avatar\/38eb0bd2d9d314aa5239172a231319fb?s=96&d=mm&r=g\",\"caption\":\"Redactie\"},\"sameAs\":[\"http:\/\/jingleweb.nl\"],\"url\":\"https:\/\/www.jingleweb.nl\/index.php\/author\/benno\/\"}]}<\/script>\n<!-- \/ Yoast SEO Premium plugin. -->","yoast_head_json":{"title":"Kerstjingles in de zomer - Over radiojingles en radiotunes","robots":{"index":"index","follow":"follow","max-snippet":"max-snippet:-1","max-image-preview":"max-image-preview:large","max-video-preview":"max-video-preview:-1"},"canonical":"https:\/\/www.jingleweb.nl\/index.php\/2016\/08\/26\/kerstjingles-in-de-zomer\/","og_locale":"nl_NL","og_type":"article","og_title":"Kerstjingles in de zomer","og_description":"26.08.2016 &#8211; De eerste pepernoten liggen al in de winkels. Waarom zouden er dan niet al kerstjingles op de radio zijn? Nou, zover is het nog n\u00e9t niet, maar\u00a0bij Top Format in Haarlem worden rond deze dagen kerstjingles gemixed voor de regionale Omroep Brabant. Die heeft vanwege wisseling van programmering opnieuw behoefte aan nieuwe jingles [&hellip;]","og_url":"https:\/\/www.jingleweb.nl\/index.php\/2016\/08\/26\/kerstjingles-in-de-zomer\/","og_site_name":"Over radiojingles en radiotunes","article_published_time":"2016-08-26T12:10:28+00:00","article_modified_time":"2016-08-26T12:13:12+00:00","og_image":[{"url":"http:\/\/www.jingleweb.nl\/wp-content\/uploads\/2016\/08\/foto-Bart-van-Hoof-300x225.jpg"}],"author":"Redactie","twitter_misc":{"Geschreven door":"Redactie","Geschatte leestijd":"1 minuut"},"schema":{"@context":"https:\/\/schema.org","@graph":[{"@type":"WebPage","@id":"https:\/\/www.jingleweb.nl\/index.php\/2016\/08\/26\/kerstjingles-in-de-zomer\/","url":"https:\/\/www.jingleweb.nl\/index.php\/2016\/08\/26\/kerstjingles-in-de-zomer\/","name":"Kerstjingles in de zomer - Over radiojingles en radiotunes","isPartOf":{"@id":"https:\/\/www.jingleweb.nl\/#website"},"datePublished":"2016-08-26T12:10:28+00:00","dateModified":"2016-08-26T12:13:12+00:00","author":{"@id":"https:\/\/www.jingleweb.nl\/#\/schema\/person\/b3983b82219b6ec653c5f51389a7cb14"},"breadcrumb":{"@id":"https:\/\/www.jingleweb.nl\/index.php\/2016\/08\/26\/kerstjingles-in-de-zomer\/#breadcrumb"},"inLanguage":"nl-NL","potentialAction":[{"@type":"ReadAction","target":["https:\/\/www.jingleweb.nl\/index.php\/2016\/08\/26\/kerstjingles-in-de-zomer\/"]}]},{"@type":"BreadcrumbList","@id":"https:\/\/www.jingleweb.nl\/index.php\/2016\/08\/26\/kerstjingles-in-de-zomer\/#breadcrumb","itemListElement":[{"@type":"ListItem","position":1,"name":"Home","item":"https:\/\/www.jingleweb.nl\/"},{"@type":"ListItem","position":2,"name":"Kerstjingles in de zomer"}]},{"@type":"WebSite","@id":"https:\/\/www.jingleweb.nl\/#website","url":"https:\/\/www.jingleweb.nl\/","name":"Over radiojingles en radiotunes","description":"","potentialAction":[{"@type":"SearchAction","target":{"@type":"EntryPoint","urlTemplate":"https:\/\/www.jingleweb.nl\/?s={search_term_string}"},"query-input":"required name=search_term_string"}],"inLanguage":"nl-NL"},{"@type":"Person","@id":"https:\/\/www.jingleweb.nl\/#\/schema\/person\/b3983b82219b6ec653c5f51389a7cb14","name":"Redactie","image":{"@type":"ImageObject","inLanguage":"nl-NL","@id":"https:\/\/www.jingleweb.nl\/#\/schema\/person\/image\/","url":"https:\/\/secure.gravatar.com\/avatar\/38eb0bd2d9d314aa5239172a231319fb?s=96&d=mm&r=g","contentUrl":"https:\/\/secure.gravatar.com\/avatar\/38eb0bd2d9d314aa5239172a231319fb?s=96&d=mm&r=g","caption":"Redactie"},"sameAs":["http:\/\/jingleweb.nl"],"url":"https:\/\/www.jingleweb.nl\/index.php\/author\/benno\/"}]}},"jetpack_featured_media_url":"","jetpack_sharing_enabled":true,"jetpack_shortlink":"https:\/\/wp.me\/p7g4ku-6k8","jetpack-related-posts":[{"id":3306,"url":"https:\/\/www.jingleweb.nl\/index.php\/2010\/03\/15\/top-format-nieuw-werk-van-friesland-tot-hongarije\/","url_meta":{"origin":24312,"position":0},"title":"Top Format: jingles van Friesland tot Hongarije","author":"Redactie","date":"15 maart 2010","format":false,"excerpt":"15.03.2010 - Jingleproducent Top Format in Haarlem heeft een custom made jinglepakket geproduceerd voor de Duitse radioketen Radio NRW Broadcasts. Dat heeft 46 lokale stations in Nordrhein-Westfalen en is daar martkleider. De 14 algemene jingles en 7 beds kun je HIER horen.\u00a0R\u00e1di\u00f3 1 in Hongarije koos voor de Play Jingles\u2026","rel":"","context":"In &quot;Jingles&quot;","block_context":{"text":"Jingles","link":"https:\/\/www.jingleweb.nl\/index.php\/category\/jingles\/"},"img":{"alt_text":"","src":"","width":0,"height":0},"classes":[]},{"id":16643,"url":"https:\/\/www.jingleweb.nl\/index.php\/2013\/12\/29\/update-website-top-format\/","url_meta":{"origin":24312,"position":1},"title":"Update van website Top Format","author":"Redactie","date":"29 december 2013","format":false,"excerpt":"29.12.2013 - Jingleproducent Top Format in Haarlem heeft de website weer een inhoudelijke update gegeven. Daarop een greep uit de jinglepakketten die de laatste maanden in de eigen studio's aan het Wilhelminapark in Haarlem zijn gemaakt. Zoals de jingles voor N1 in Nijmegen, de lokale omroep in Nijmegen, die begin\u2026","rel":"","context":"In &quot;Jingles&quot;","block_context":{"text":"Jingles","link":"https:\/\/www.jingleweb.nl\/index.php\/category\/jingles\/"},"img":{"alt_text":"Top Format - Pand achterkant & logo","src":"https:\/\/i0.wp.com\/www.jingleweb.nl\/wp-content\/uploads\/2013\/12\/Top-Format-Pand-achterkant-logo-1024x589.jpg?resize=350%2C200","width":350,"height":200},"classes":[]},{"id":25313,"url":"https:\/\/www.jingleweb.nl\/index.php\/2017\/03\/18\/omroep-brabant-nieuwe-jingles-en-nieuwe-programmering\/","url_meta":{"origin":24312,"position":2},"title":"Omroep Brabant: nieuwe jingles en nieuwe programmering","author":"Redactie","date":"18 maart 2017","format":false,"excerpt":"18.03.2017 - Vanaf volgende week maandag kent Omroep Brabant radio een nieuwe programmering.\u00a0En dat betekent vaak ook nieuwe vormgeving, zo ook in dit geval, vervaardigd door Top Format in Haarlem. De dagprogrammering van Omroep Brabant tussen 07.00 en 19.00 uur gaat op de schop, met\u00a0weer gewoon programma-titels (Wakker, Brabants Bont,\u2026","rel":"","context":"In &quot;Jingles&quot;","block_context":{"text":"Jingles","link":"https:\/\/www.jingleweb.nl\/index.php\/category\/jingles\/"},"img":{"alt_text":"Top Format blazersessie Sam Thomas, Stefan Danckaert, Erik van der Heijden en Thom Kooijmans bij Power Sound Studio","src":"https:\/\/i0.wp.com\/www.jingleweb.nl\/wp-content\/uploads\/2017\/03\/Top-Format-blazersessie-Sam-Thomas-Stefan-Danckaert-Erik-van-der-Heijden-en-Thom-Kooijmans-bij-Power-Sound-Studio.jpg?resize=350%2C200","width":350,"height":200,"srcset":"https:\/\/i0.wp.com\/www.jingleweb.nl\/wp-content\/uploads\/2017\/03\/Top-Format-blazersessie-Sam-Thomas-Stefan-Danckaert-Erik-van-der-Heijden-en-Thom-Kooijmans-bij-Power-Sound-Studio.jpg?resize=350%2C200 1x, https:\/\/i0.wp.com\/www.jingleweb.nl\/wp-content\/uploads\/2017\/03\/Top-Format-blazersessie-Sam-Thomas-Stefan-Danckaert-Erik-van-der-Heijden-en-Thom-Kooijmans-bij-Power-Sound-Studio.jpg?resize=525%2C300 1.5x, https:\/\/i0.wp.com\/www.jingleweb.nl\/wp-content\/uploads\/2017\/03\/Top-Format-blazersessie-Sam-Thomas-Stefan-Danckaert-Erik-van-der-Heijden-en-Thom-Kooijmans-bij-Power-Sound-Studio.jpg?resize=700%2C400 2x"},"classes":[]},{"id":14443,"url":"https:\/\/www.jingleweb.nl\/index.php\/2013\/06\/10\/omroep-brabant-gestopt-met-gezongen-jingles\/","url_meta":{"origin":24312,"position":3},"title":"Omroep Brabant gestopt met gezongen jingles","author":"Redactie","date":"10 juni 2013","format":false,"excerpt":"11.06.2013 - Na ruim 24 jaar heeft Omroep Brabant geen gezongen jingles meer. Het voor Brabanders zo bekende \"Omroep Br\u00e1\u00e1\u00e1\u00e1\u00e1bant\" (ingevoerd in maart 1989) was al enkele jaren geleden aangepast, maar is sinds 27 mei dit jaar definitief verleden tijd. \"De stationsidentificatie bestaat nu uit een combinatie van sound design\u2026","rel":"","context":"In &quot;Ad Mulders&quot;","block_context":{"text":"Ad Mulders","link":"https:\/\/www.jingleweb.nl\/index.php\/category\/ad-mulders\/"},"img":{"alt_text":"","src":"https:\/\/i0.wp.com\/www.jingleweb.nl\/wp-content\/uploads\/2013\/04\/Top-Format-Eric-van-Horsen-203x300.jpg?resize=350%2C200","width":350,"height":200},"classes":[]},{"id":33477,"url":"https:\/\/www.jingleweb.nl\/index.php\/2023\/06\/05\/omroep-brabant-opnieuw-naar-top-format-voor-nieuwe-jingles\/","url_meta":{"origin":24312,"position":4},"title":"Omroep Brabant opnieuw naar Top Format voor nieuwe jingles","author":"Redactie","date":"5 juni 2023","format":false,"excerpt":"Het gebouw van Omroep Brabant in Eindhoven (links) en dat van Top Format in Haarlem (rechts) 05.06.2023 - De regionale Omroep Brabant (radio) heeft sinds vandaag nieuwe vormgeving, geproduceerd in Haarlem door Top Format. Dit jinglebedrijf maakt de vormgeving voor Omroep Brabant al sinds 1989. Het pakket van nu bevat\u2026","rel":"","context":"In &quot;Jingles&quot;","block_context":{"text":"Jingles","link":"https:\/\/www.jingleweb.nl\/index.php\/category\/jingles\/"},"img":{"alt_text":"","src":"https:\/\/i0.wp.com\/www.jingleweb.nl\/wp-content\/uploads\/2023\/06\/Gebouw-Omroep-Brabant.jpg?resize=350%2C200&ssl=1","width":350,"height":200},"classes":[]},{"id":5741,"url":"https:\/\/www.jingleweb.nl\/index.php\/2011\/01\/06\/top-format-noord-west-brabant-best\/","url_meta":{"origin":24312,"position":5},"title":"Top Format: Noord, West, Brabant best","author":"Redactie","date":"6 januari 2011","format":false,"excerpt":"06.01.2011 - De studio\u2019s van jingleproducent Top Format in Haarlem zijn de afgelopen maanden druk bezet geweest met uiteenlopende producties voor binnen- en buitenland. Een greep uit de klanten. Bron: Top Format. Het creatieve team is verantwoordelijk voor de volledige re-styling van de regionale zender RTV Drenthe op zowel radio\u2026","rel":"","context":"In &quot;Jingles&quot;","block_context":{"text":"Jingles","link":"https:\/\/www.jingleweb.nl\/index.php\/category\/jingles\/"},"img":{"alt_text":"","src":"https:\/\/i0.wp.com\/www.jingleweb.nl\/wp-content\/uploads\/2011\/01\/Top-Format-klanten1-300x259.jpg?resize=350%2C200","width":350,"height":200},"classes":[]}],"_links":{"self":[{"href":"https:\/\/www.jingleweb.nl\/index.php\/wp-json\/wp\/v2\/posts\/24312"}],"collection":[{"href":"https:\/\/www.jingleweb.nl\/index.php\/wp-json\/wp\/v2\/posts"}],"about":[{"href":"https:\/\/www.jingleweb.nl\/index.php\/wp-json\/wp\/v2\/types\/post"}],"author":[{"embeddable":true,"href":"https:\/\/www.jingleweb.nl\/index.php\/wp-json\/wp\/v2\/users\/3"}],"replies":[{"embeddable":true,"href":"https:\/\/www.jingleweb.nl\/index.php\/wp-json\/wp\/v2\/comments?post=24312"}],"version-history":[{"count":4,"href":"https:\/\/www.jingleweb.nl\/index.php\/wp-json\/wp\/v2\/posts\/24312\/revisions"}],"predecessor-version":[{"id":24317,"href":"https:\/\/www.jingleweb.nl\/index.php\/wp-json\/wp\/v2\/posts\/24312\/revisions\/24317"}],"wp:attachment":[{"href":"https:\/\/www.jingleweb.nl\/index.php\/wp-json\/wp\/v2\/media?parent=24312"}],"wp:term":[{"taxonomy":"category","embeddable":true,"href":"https:\/\/www.jingleweb.nl\/index.php\/wp-json\/wp\/v2\/categories?post=24312"},{"taxonomy":"post_tag","embeddable":true,"href":"https:\/\/www.jingleweb.nl\/index.php\/wp-json\/wp\/v2\/tags?post=24312"}],"curies":[{"name":"wp","href":"https:\/\/api.w.org\/{rel}","templated":true}]}}