{"id":14724,"date":"2013-07-09T10:00:14","date_gmt":"2013-07-09T08:00:14","guid":{"rendered":"http:\/\/www.jingleweb.nl\/?p=14724"},"modified":"2013-07-13T08:14:31","modified_gmt":"2013-07-13T06:14:31","slug":"frisse-jingles-voor-een-warme-zomer","status":"publish","type":"post","link":"https:\/\/www.jingleweb.nl\/index.php\/2013\/07\/09\/frisse-jingles-voor-een-warme-zomer\/","title":{"rendered":"Frisse jingles voor een warme (?) zomer"},"content":{"rendered":"<p><a onclick=\"javascript:pageTracker._trackPageview('\/downloads\/wp-content\/uploads\/2013\/07\/simmer.jpg');\"  href=\"https:\/\/i0.wp.com\/www.jingleweb.nl\/wp-content\/uploads\/2013\/07\/simmer.jpg\"><img data-attachment-id=\"14725\" data-permalink=\"https:\/\/www.jingleweb.nl\/index.php\/2013\/07\/09\/frisse-jingles-voor-een-warme-zomer\/simmer\/\" data-orig-file=\"https:\/\/i0.wp.com\/www.jingleweb.nl\/wp-content\/uploads\/2013\/07\/simmer.jpg?fit=524%2C349&amp;ssl=1\" data-orig-size=\"524,349\" data-comments-opened=\"0\" data-image-meta=\"{&quot;aperture&quot;:&quot;0&quot;,&quot;credit&quot;:&quot;&quot;,&quot;camera&quot;:&quot;&quot;,&quot;caption&quot;:&quot;&quot;,&quot;created_timestamp&quot;:&quot;0&quot;,&quot;copyright&quot;:&quot;&quot;,&quot;focal_length&quot;:&quot;0&quot;,&quot;iso&quot;:&quot;0&quot;,&quot;shutter_speed&quot;:&quot;0&quot;,&quot;title&quot;:&quot;&quot;}\" data-image-title=\"simmer\" data-image-description=\"\" data-image-caption=\"\" data-medium-file=\"https:\/\/i0.wp.com\/www.jingleweb.nl\/wp-content\/uploads\/2013\/07\/simmer.jpg?fit=300%2C199&amp;ssl=1\" data-large-file=\"https:\/\/i0.wp.com\/www.jingleweb.nl\/wp-content\/uploads\/2013\/07\/simmer.jpg?fit=524%2C349&amp;ssl=1\" decoding=\"async\" loading=\"lazy\" class=\"aligncenter size-full wp-image-14725\" title=\"simmer\" src=\"https:\/\/i0.wp.com\/www.jingleweb.nl\/wp-content\/uploads\/2013\/07\/simmer.jpg?resize=524%2C349\" alt=\"\" width=\"524\" height=\"349\" srcset=\"https:\/\/i0.wp.com\/www.jingleweb.nl\/wp-content\/uploads\/2013\/07\/simmer.jpg?w=524&amp;ssl=1 524w, https:\/\/i0.wp.com\/www.jingleweb.nl\/wp-content\/uploads\/2013\/07\/simmer.jpg?resize=300%2C199&amp;ssl=1 300w\" sizes=\"(max-width: 524px) 100vw, 524px\" data-recalc-dims=\"1\" \/><\/a><span style=\"font-size: 13px; line-height: 19px;\"><strong>09.07.2013 &#8211; <\/strong>De (warme?) zomer heeft\u00a0een nieuw, fris geluid by <span style=\"text-decoration: underline;\"><a onclick=\"javascript:pageTracker._trackPageview('\/outgoing\/www.omropfryslan.nl\/jierferslach');\"  href=\"http:\/\/www.omropfryslan.nl\/jierferslach\" target=\"_self\">Omrop Frysl\u00e2n<\/a><\/span>, de regionale omroep van Friesland (of zoals ze het zelf zeggen: de regionale stjoerder van Frysl\u00e2n). Sinds jaar en dag doet\u00a0de Friese radio\u00a0onder de vlag &#8216;Simmer yn Frysl\u00e2n&#8217; tijdens de zomermaanden verslag van typisch Friese evenementen zoals kaatsen, fierljeppen en sk\u00fbtsjesilen. Leverancier Top Format in Haarlem, sinds 2006 aan Omrop Frysl\u00e2n verbonden, schreef speciaal daarvoor\u00a0enkele nieuwe custom tracks, die sinds zaterdag op de zender te horen zijn.\u00a0De jingles worden niet alleen\u00a0gebruikt tussen de live-verslagen door; de hele zender is de komende maanden in zomerstijl.\u00a0Tevens werd een paar bestaande jingles van nieuwe teksten voorzien, uiteraard in het Fries, wat de voertaal is bij Omrop Frysl\u00e2n. Hieronder een kijkje tijdens de zangsessie, op zolderbij Top Format in Haarlem<\/span><\/p>\n<p style=\"text-align: center;\"><a onclick=\"javascript:pageTracker._trackPageview('\/downloads\/wp-content\/uploads\/2013\/07\/20130513_145254-1.jpg');\"  href=\"https:\/\/i0.wp.com\/www.jingleweb.nl\/wp-content\/uploads\/2013\/07\/20130513_145254-1.jpg\"><img data-attachment-id=\"14726\" data-permalink=\"https:\/\/www.jingleweb.nl\/index.php\/2013\/07\/09\/frisse-jingles-voor-een-warme-zomer\/20130513_145254-1\/\" data-orig-file=\"https:\/\/i0.wp.com\/www.jingleweb.nl\/wp-content\/uploads\/2013\/07\/20130513_145254-1.jpg?fit=1500%2C918&amp;ssl=1\" data-orig-size=\"1500,918\" data-comments-opened=\"0\" data-image-meta=\"{&quot;aperture&quot;:&quot;2.65&quot;,&quot;credit&quot;:&quot;&quot;,&quot;camera&quot;:&quot;GT-I9100&quot;,&quot;caption&quot;:&quot;&quot;,&quot;created_timestamp&quot;:&quot;1368449573&quot;,&quot;copyright&quot;:&quot;&quot;,&quot;focal_length&quot;:&quot;3.97&quot;,&quot;iso&quot;:&quot;160&quot;,&quot;shutter_speed&quot;:&quot;0.058823529411765&quot;,&quot;title&quot;:&quot;&quot;}\" data-image-title=\"20130513_145254 (1)\" data-image-description=\"\" data-image-caption=\"\" data-medium-file=\"https:\/\/i0.wp.com\/www.jingleweb.nl\/wp-content\/uploads\/2013\/07\/20130513_145254-1.jpg?fit=300%2C183&amp;ssl=1\" data-large-file=\"https:\/\/i0.wp.com\/www.jingleweb.nl\/wp-content\/uploads\/2013\/07\/20130513_145254-1.jpg?fit=987%2C603&amp;ssl=1\" decoding=\"async\" loading=\"lazy\" class=\"aligncenter size-large wp-image-14726\" title=\"20130513_145254 (1)\" src=\"https:\/\/i0.wp.com\/www.jingleweb.nl\/wp-content\/uploads\/2013\/07\/20130513_145254-1.jpg?resize=524%2C316\" alt=\"\" width=\"524\" height=\"316\" data-recalc-dims=\"1\" \/><\/a><\/p>\n","protected":false},"excerpt":{"rendered":"<p>09.07.2013 &#8211; De (warme?) zomer heeft\u00a0een nieuw, fris geluid by Omrop Frysl\u00e2n, de regionale omroep van Friesland (of zoals ze het zelf zeggen: de regionale stjoerder van Frysl\u00e2n). Sinds jaar en dag doet\u00a0de Friese radio\u00a0onder de vlag &#8216;Simmer yn Frysl\u00e2n&#8217; tijdens de zomermaanden verslag van typisch Friese evenementen zoals kaatsen, fierljeppen en sk\u00fbtsjesilen. Leverancier Top [&hellip;]<\/p>\n","protected":false},"author":2,"featured_media":0,"comment_status":"closed","ping_status":"closed","sticky":false,"template":"","format":"standard","meta":{"_monsterinsights_skip_tracking":false,"_monsterinsights_sitenote_active":false,"_monsterinsights_sitenote_note":"","_monsterinsights_sitenote_category":0,"jetpack_post_was_ever_published":false,"_jetpack_newsletter_access":"","footnotes":"","jetpack_publicize_message":"","jetpack_is_tweetstorm":false,"jetpack_publicize_feature_enabled":true,"jetpack_social_post_already_shared":false,"jetpack_social_options":{"image_generator_settings":{"template":"highway","enabled":false}}},"categories":[115,548,84],"tags":[],"jetpack_publicize_connections":[],"yoast_head":"<!-- This site is optimized with the Yoast SEO Premium plugin v20.13 (Yoast SEO v20.13) - https:\/\/yoast.com\/wordpress\/plugins\/seo\/ -->\n<title>Frisse jingles voor een warme (?) zomer - Over radiojingles en radiotunes<\/title>\n<meta name=\"robots\" content=\"index, follow, max-snippet:-1, max-image-preview:large, max-video-preview:-1\" \/>\n<link rel=\"canonical\" href=\"https:\/\/www.jingleweb.nl\/index.php\/2013\/07\/09\/frisse-jingles-voor-een-warme-zomer\/\" \/>\n<meta property=\"og:locale\" content=\"nl_NL\" \/>\n<meta property=\"og:type\" content=\"article\" \/>\n<meta property=\"og:title\" content=\"Frisse jingles voor een warme (?) zomer\" \/>\n<meta property=\"og:description\" content=\"09.07.2013 &#8211; De (warme?) zomer heeft\u00a0een nieuw, fris geluid by Omrop Frysl\u00e2n, de regionale omroep van Friesland (of zoals ze het zelf zeggen: de regionale stjoerder van Frysl\u00e2n). Sinds jaar en dag doet\u00a0de Friese radio\u00a0onder de vlag &#8216;Simmer yn Frysl\u00e2n&#8217; tijdens de zomermaanden verslag van typisch Friese evenementen zoals kaatsen, fierljeppen en sk\u00fbtsjesilen. Leverancier Top [&hellip;]\" \/>\n<meta property=\"og:url\" content=\"https:\/\/www.jingleweb.nl\/index.php\/2013\/07\/09\/frisse-jingles-voor-een-warme-zomer\/\" \/>\n<meta property=\"og:site_name\" content=\"Over radiojingles en radiotunes\" \/>\n<meta property=\"article:published_time\" content=\"2013-07-09T08:00:14+00:00\" \/>\n<meta property=\"article:modified_time\" content=\"2013-07-13T06:14:31+00:00\" \/>\n<meta property=\"og:image\" content=\"http:\/\/www.jingleweb.nl\/wp-content\/uploads\/2013\/07\/simmer.jpg\" \/>\n<meta name=\"author\" content=\"Redactie\" \/>\n<meta name=\"twitter:label1\" content=\"Geschreven door\" \/>\n\t<meta name=\"twitter:data1\" content=\"Redactie\" \/>\n\t<meta name=\"twitter:label2\" content=\"Geschatte leestijd\" \/>\n\t<meta name=\"twitter:data2\" content=\"1 minuut\" \/>\n<script type=\"application\/ld+json\" class=\"yoast-schema-graph\">{\"@context\":\"https:\/\/schema.org\",\"@graph\":[{\"@type\":\"WebPage\",\"@id\":\"https:\/\/www.jingleweb.nl\/index.php\/2013\/07\/09\/frisse-jingles-voor-een-warme-zomer\/\",\"url\":\"https:\/\/www.jingleweb.nl\/index.php\/2013\/07\/09\/frisse-jingles-voor-een-warme-zomer\/\",\"name\":\"Frisse jingles voor een warme (?) zomer - Over radiojingles en radiotunes\",\"isPartOf\":{\"@id\":\"https:\/\/www.jingleweb.nl\/#website\"},\"datePublished\":\"2013-07-09T08:00:14+00:00\",\"dateModified\":\"2013-07-13T06:14:31+00:00\",\"author\":{\"@id\":\"https:\/\/www.jingleweb.nl\/#\/schema\/person\/1497b51ad91582515d314dd400786f8a\"},\"breadcrumb\":{\"@id\":\"https:\/\/www.jingleweb.nl\/index.php\/2013\/07\/09\/frisse-jingles-voor-een-warme-zomer\/#breadcrumb\"},\"inLanguage\":\"nl-NL\",\"potentialAction\":[{\"@type\":\"ReadAction\",\"target\":[\"https:\/\/www.jingleweb.nl\/index.php\/2013\/07\/09\/frisse-jingles-voor-een-warme-zomer\/\"]}]},{\"@type\":\"BreadcrumbList\",\"@id\":\"https:\/\/www.jingleweb.nl\/index.php\/2013\/07\/09\/frisse-jingles-voor-een-warme-zomer\/#breadcrumb\",\"itemListElement\":[{\"@type\":\"ListItem\",\"position\":1,\"name\":\"Home\",\"item\":\"https:\/\/www.jingleweb.nl\/\"},{\"@type\":\"ListItem\",\"position\":2,\"name\":\"Frisse jingles voor een warme (?) zomer\"}]},{\"@type\":\"WebSite\",\"@id\":\"https:\/\/www.jingleweb.nl\/#website\",\"url\":\"https:\/\/www.jingleweb.nl\/\",\"name\":\"Over radiojingles en radiotunes\",\"description\":\"\",\"potentialAction\":[{\"@type\":\"SearchAction\",\"target\":{\"@type\":\"EntryPoint\",\"urlTemplate\":\"https:\/\/www.jingleweb.nl\/?s={search_term_string}\"},\"query-input\":\"required name=search_term_string\"}],\"inLanguage\":\"nl-NL\"},{\"@type\":\"Person\",\"@id\":\"https:\/\/www.jingleweb.nl\/#\/schema\/person\/1497b51ad91582515d314dd400786f8a\",\"name\":\"Redactie\",\"image\":{\"@type\":\"ImageObject\",\"inLanguage\":\"nl-NL\",\"@id\":\"https:\/\/www.jingleweb.nl\/#\/schema\/person\/image\/\",\"url\":\"https:\/\/secure.gravatar.com\/avatar\/2041ac0b376204400f0ca382ac687d24?s=96&d=mm&r=g\",\"contentUrl\":\"https:\/\/secure.gravatar.com\/avatar\/2041ac0b376204400f0ca382ac687d24?s=96&d=mm&r=g\",\"caption\":\"Redactie\"},\"sameAs\":[\"http:\/\/www.jingleweb.nl\"],\"url\":\"https:\/\/www.jingleweb.nl\/index.php\/author\/jelle\/\"}]}<\/script>\n<!-- \/ Yoast SEO Premium plugin. -->","yoast_head_json":{"title":"Frisse jingles voor een warme (?) zomer - Over radiojingles en radiotunes","robots":{"index":"index","follow":"follow","max-snippet":"max-snippet:-1","max-image-preview":"max-image-preview:large","max-video-preview":"max-video-preview:-1"},"canonical":"https:\/\/www.jingleweb.nl\/index.php\/2013\/07\/09\/frisse-jingles-voor-een-warme-zomer\/","og_locale":"nl_NL","og_type":"article","og_title":"Frisse jingles voor een warme (?) zomer","og_description":"09.07.2013 &#8211; De (warme?) zomer heeft\u00a0een nieuw, fris geluid by Omrop Frysl\u00e2n, de regionale omroep van Friesland (of zoals ze het zelf zeggen: de regionale stjoerder van Frysl\u00e2n). Sinds jaar en dag doet\u00a0de Friese radio\u00a0onder de vlag &#8216;Simmer yn Frysl\u00e2n&#8217; tijdens de zomermaanden verslag van typisch Friese evenementen zoals kaatsen, fierljeppen en sk\u00fbtsjesilen. Leverancier Top [&hellip;]","og_url":"https:\/\/www.jingleweb.nl\/index.php\/2013\/07\/09\/frisse-jingles-voor-een-warme-zomer\/","og_site_name":"Over radiojingles en radiotunes","article_published_time":"2013-07-09T08:00:14+00:00","article_modified_time":"2013-07-13T06:14:31+00:00","og_image":[{"url":"http:\/\/www.jingleweb.nl\/wp-content\/uploads\/2013\/07\/simmer.jpg"}],"author":"Redactie","twitter_misc":{"Geschreven door":"Redactie","Geschatte leestijd":"1 minuut"},"schema":{"@context":"https:\/\/schema.org","@graph":[{"@type":"WebPage","@id":"https:\/\/www.jingleweb.nl\/index.php\/2013\/07\/09\/frisse-jingles-voor-een-warme-zomer\/","url":"https:\/\/www.jingleweb.nl\/index.php\/2013\/07\/09\/frisse-jingles-voor-een-warme-zomer\/","name":"Frisse jingles voor een warme (?) zomer - Over radiojingles en radiotunes","isPartOf":{"@id":"https:\/\/www.jingleweb.nl\/#website"},"datePublished":"2013-07-09T08:00:14+00:00","dateModified":"2013-07-13T06:14:31+00:00","author":{"@id":"https:\/\/www.jingleweb.nl\/#\/schema\/person\/1497b51ad91582515d314dd400786f8a"},"breadcrumb":{"@id":"https:\/\/www.jingleweb.nl\/index.php\/2013\/07\/09\/frisse-jingles-voor-een-warme-zomer\/#breadcrumb"},"inLanguage":"nl-NL","potentialAction":[{"@type":"ReadAction","target":["https:\/\/www.jingleweb.nl\/index.php\/2013\/07\/09\/frisse-jingles-voor-een-warme-zomer\/"]}]},{"@type":"BreadcrumbList","@id":"https:\/\/www.jingleweb.nl\/index.php\/2013\/07\/09\/frisse-jingles-voor-een-warme-zomer\/#breadcrumb","itemListElement":[{"@type":"ListItem","position":1,"name":"Home","item":"https:\/\/www.jingleweb.nl\/"},{"@type":"ListItem","position":2,"name":"Frisse jingles voor een warme (?) zomer"}]},{"@type":"WebSite","@id":"https:\/\/www.jingleweb.nl\/#website","url":"https:\/\/www.jingleweb.nl\/","name":"Over radiojingles en radiotunes","description":"","potentialAction":[{"@type":"SearchAction","target":{"@type":"EntryPoint","urlTemplate":"https:\/\/www.jingleweb.nl\/?s={search_term_string}"},"query-input":"required name=search_term_string"}],"inLanguage":"nl-NL"},{"@type":"Person","@id":"https:\/\/www.jingleweb.nl\/#\/schema\/person\/1497b51ad91582515d314dd400786f8a","name":"Redactie","image":{"@type":"ImageObject","inLanguage":"nl-NL","@id":"https:\/\/www.jingleweb.nl\/#\/schema\/person\/image\/","url":"https:\/\/secure.gravatar.com\/avatar\/2041ac0b376204400f0ca382ac687d24?s=96&d=mm&r=g","contentUrl":"https:\/\/secure.gravatar.com\/avatar\/2041ac0b376204400f0ca382ac687d24?s=96&d=mm&r=g","caption":"Redactie"},"sameAs":["http:\/\/www.jingleweb.nl"],"url":"https:\/\/www.jingleweb.nl\/index.php\/author\/jelle\/"}]}},"jetpack_featured_media_url":"","jetpack_sharing_enabled":true,"jetpack_shortlink":"https:\/\/wp.me\/p7g4ku-3Pu","jetpack-related-posts":[{"id":35216,"url":"https:\/\/www.jingleweb.nl\/index.php\/2024\/12\/06\/capital-of-media-maakt-nieuwe-jingles-voor-omrop-fryslan\/","url_meta":{"origin":14724,"position":0},"title":"Capital of Media maakt nieuwe jingles voor Omrop Frysl\u00e2n","author":"Redactie","date":"6 december 2024","format":false,"excerpt":"06.12.2024 - De programmamakers van Omrop Frysl\u00e2n \/ Omroep Friesland hebben wel een heel vet cadeau in hun schoen gekregen; nieuwe winter- en kerstjingles, gemaakt door het team van Capital of Media in Nijkerkerveen.\"Bij Omrop Frysl\u00e2n leefde al langer de wens voor een uitbreiding van het jinglepakket rond dekerst\", zo\u2026","rel":"","context":"In &quot;Jingles&quot;","block_context":{"text":"Jingles","link":"https:\/\/www.jingleweb.nl\/index.php\/category\/jingles\/"},"img":{"alt_text":"","src":"https:\/\/i0.wp.com\/www.jingleweb.nl\/wp-content\/uploads\/2024\/12\/031220242_OFR.jpg?resize=350%2C200&ssl=1","width":350,"height":200,"srcset":"https:\/\/i0.wp.com\/www.jingleweb.nl\/wp-content\/uploads\/2024\/12\/031220242_OFR.jpg?resize=350%2C200&ssl=1 1x, https:\/\/i0.wp.com\/www.jingleweb.nl\/wp-content\/uploads\/2024\/12\/031220242_OFR.jpg?resize=525%2C300&ssl=1 1.5x, https:\/\/i0.wp.com\/www.jingleweb.nl\/wp-content\/uploads\/2024\/12\/031220242_OFR.jpg?resize=700%2C400&ssl=1 2x, https:\/\/i0.wp.com\/www.jingleweb.nl\/wp-content\/uploads\/2024\/12\/031220242_OFR.jpg?resize=1050%2C600&ssl=1 3x, https:\/\/i0.wp.com\/www.jingleweb.nl\/wp-content\/uploads\/2024\/12\/031220242_OFR.jpg?resize=1400%2C800&ssl=1 4x"},"classes":[]},{"id":3306,"url":"https:\/\/www.jingleweb.nl\/index.php\/2010\/03\/15\/top-format-nieuw-werk-van-friesland-tot-hongarije\/","url_meta":{"origin":14724,"position":1},"title":"Top Format: jingles van Friesland tot Hongarije","author":"Redactie","date":"15 maart 2010","format":false,"excerpt":"15.03.2010 - Jingleproducent Top Format in Haarlem heeft een custom made jinglepakket geproduceerd voor de Duitse radioketen Radio NRW Broadcasts. Dat heeft 46 lokale stations in Nordrhein-Westfalen en is daar martkleider. De 14 algemene jingles en 7 beds kun je HIER horen.\u00a0R\u00e1di\u00f3 1 in Hongarije koos voor de Play Jingles\u2026","rel":"","context":"In &quot;Jingles&quot;","block_context":{"text":"Jingles","link":"https:\/\/www.jingleweb.nl\/index.php\/category\/jingles\/"},"img":{"alt_text":"","src":"","width":0,"height":0},"classes":[]},{"id":20789,"url":"https:\/\/www.jingleweb.nl\/index.php\/2015\/03\/02\/jhoed-it-nije-lud-hearren-fryslan\/","url_meta":{"origin":14724,"position":2},"title":"Jhoed is it nije l\u00fbd te hearren in Frysl\u00e2n","author":"Redactie","date":"2 maart 2015","format":false,"excerpt":"02.03.2015 - Vandaag is in Friesland een nieuw geluid te horen (dat is de betekenis van de kop boven dit artikel). Op 1 maart begint de meteorologische lente in het land en vandaag, op de eerste werkdag in die nieuwe lente, begint de nieuwe vormgeving en de nieuwe programmering in\u2026","rel":"","context":"In &quot;Jingles&quot;","block_context":{"text":"Jingles","link":"https:\/\/www.jingleweb.nl\/index.php\/category\/jingles\/"},"img":{"alt_text":"Top Format nieuwe jingles 1","src":"https:\/\/i0.wp.com\/www.jingleweb.nl\/wp-content\/uploads\/2015\/03\/Top-Format-nieuwe-jingles-1.jpg?resize=350%2C200","width":350,"height":200},"classes":[]},{"id":24343,"url":"https:\/\/www.jingleweb.nl\/index.php\/2016\/09\/05\/24343\/","url_meta":{"origin":14724,"position":3},"title":"&#8220;Extreem trots&#8221; presenteert Top Format: Omrop Frysl\u00e2n","author":"Redactie","date":"5 september 2016","format":false,"excerpt":"05.09.2016 - Sinds vanochtend 06.00 uur is de re-branding van Omrop Frysl\u00e2n on air. Gijs Knol en\u00a0Bud Kolk\u00a0van Top Format in Haarlem\u00a0werkten de afgelopen weken aan deze Modern Pop custom-productie met meer dan 20 jingles & themes. \"Ze klinken allemaal fris, positief en vol energie\" zegt\u00a0Klaas Geert Bakker, hoofdredacteur van\u2026","rel":"","context":"In &quot;Jingles&quot;","block_context":{"text":"Jingles","link":"https:\/\/www.jingleweb.nl\/index.php\/category\/jingles\/"},"img":{"alt_text":"Top Format - Logo 2015","src":"https:\/\/i0.wp.com\/www.jingleweb.nl\/wp-content\/uploads\/2015\/01\/Top-Format-Logo-2015.jpg?resize=350%2C200","width":350,"height":200,"srcset":"https:\/\/i0.wp.com\/www.jingleweb.nl\/wp-content\/uploads\/2015\/01\/Top-Format-Logo-2015.jpg?resize=350%2C200 1x, https:\/\/i0.wp.com\/www.jingleweb.nl\/wp-content\/uploads\/2015\/01\/Top-Format-Logo-2015.jpg?resize=525%2C300 1.5x, https:\/\/i0.wp.com\/www.jingleweb.nl\/wp-content\/uploads\/2015\/01\/Top-Format-Logo-2015.jpg?resize=700%2C400 2x"},"classes":[]},{"id":16643,"url":"https:\/\/www.jingleweb.nl\/index.php\/2013\/12\/29\/update-website-top-format\/","url_meta":{"origin":14724,"position":4},"title":"Update van website Top Format","author":"Redactie","date":"29 december 2013","format":false,"excerpt":"29.12.2013 - Jingleproducent Top Format in Haarlem heeft de website weer een inhoudelijke update gegeven. Daarop een greep uit de jinglepakketten die de laatste maanden in de eigen studio's aan het Wilhelminapark in Haarlem zijn gemaakt. Zoals de jingles voor N1 in Nijmegen, de lokale omroep in Nijmegen, die begin\u2026","rel":"","context":"In &quot;Jingles&quot;","block_context":{"text":"Jingles","link":"https:\/\/www.jingleweb.nl\/index.php\/category\/jingles\/"},"img":{"alt_text":"Top Format - Pand achterkant & logo","src":"https:\/\/i0.wp.com\/www.jingleweb.nl\/wp-content\/uploads\/2013\/12\/Top-Format-Pand-achterkant-logo-1024x589.jpg?resize=350%2C200","width":350,"height":200},"classes":[]},{"id":36656,"url":"https:\/\/www.jingleweb.nl\/index.php\/2026\/01\/18\/capital-of-media-jingles-voor-jarige-omroepen-in-noord-nl\/","url_meta":{"origin":14724,"position":5},"title":"Capital of Media-jingles voor &#8216;jarige&#8217; omroepen in noord NL","author":"Redactie","date":"18 januari 2026","format":false,"excerpt":"18.01.2026 - Morgen, maandag 19 januari 2026, is het 80 jaar geleden dat de eerste offici\u00eble uitzending was van wat toen nog de Regionale Omroep Noord, de RON, heette. Inmiddels telt noord Nederland 3 zelfstandige regionale omroepen, voor Groningen, Friesland en Drenthe. Om die reden wordt het feest morgen tegelijkertijd\u2026","rel":"","context":"In &quot;Jingles&quot;","block_context":{"text":"Jingles","link":"https:\/\/www.jingleweb.nl\/index.php\/category\/jingles\/"},"img":{"alt_text":"","src":"https:\/\/i0.wp.com\/www.jingleweb.nl\/wp-content\/uploads\/2026\/01\/Samen-80.jpg?resize=350%2C200&ssl=1","width":350,"height":200,"srcset":"https:\/\/i0.wp.com\/www.jingleweb.nl\/wp-content\/uploads\/2026\/01\/Samen-80.jpg?resize=350%2C200&ssl=1 1x, https:\/\/i0.wp.com\/www.jingleweb.nl\/wp-content\/uploads\/2026\/01\/Samen-80.jpg?resize=525%2C300&ssl=1 1.5x, https:\/\/i0.wp.com\/www.jingleweb.nl\/wp-content\/uploads\/2026\/01\/Samen-80.jpg?resize=700%2C400&ssl=1 2x, https:\/\/i0.wp.com\/www.jingleweb.nl\/wp-content\/uploads\/2026\/01\/Samen-80.jpg?resize=1050%2C600&ssl=1 3x"},"classes":[]}],"_links":{"self":[{"href":"https:\/\/www.jingleweb.nl\/index.php\/wp-json\/wp\/v2\/posts\/14724"}],"collection":[{"href":"https:\/\/www.jingleweb.nl\/index.php\/wp-json\/wp\/v2\/posts"}],"about":[{"href":"https:\/\/www.jingleweb.nl\/index.php\/wp-json\/wp\/v2\/types\/post"}],"author":[{"embeddable":true,"href":"https:\/\/www.jingleweb.nl\/index.php\/wp-json\/wp\/v2\/users\/2"}],"replies":[{"embeddable":true,"href":"https:\/\/www.jingleweb.nl\/index.php\/wp-json\/wp\/v2\/comments?post=14724"}],"version-history":[{"count":6,"href":"https:\/\/www.jingleweb.nl\/index.php\/wp-json\/wp\/v2\/posts\/14724\/revisions"}],"predecessor-version":[{"id":14853,"href":"https:\/\/www.jingleweb.nl\/index.php\/wp-json\/wp\/v2\/posts\/14724\/revisions\/14853"}],"wp:attachment":[{"href":"https:\/\/www.jingleweb.nl\/index.php\/wp-json\/wp\/v2\/media?parent=14724"}],"wp:term":[{"taxonomy":"category","embeddable":true,"href":"https:\/\/www.jingleweb.nl\/index.php\/wp-json\/wp\/v2\/categories?post=14724"},{"taxonomy":"post_tag","embeddable":true,"href":"https:\/\/www.jingleweb.nl\/index.php\/wp-json\/wp\/v2\/tags?post=14724"}],"curies":[{"name":"wp","href":"https:\/\/api.w.org\/{rel}","templated":true}]}}