{"id":13674,"date":"2013-04-05T07:00:05","date_gmt":"2013-04-05T05:00:05","guid":{"rendered":"http:\/\/www.jingleweb.nl\/?p=13674"},"modified":"2013-04-04T19:50:17","modified_gmt":"2013-04-04T17:50:17","slug":"nederland-3-is-25-jaar-net-wat-je-zoekt","status":"publish","type":"post","link":"https:\/\/www.jingleweb.nl\/index.php\/2013\/04\/05\/nederland-3-is-25-jaar-net-wat-je-zoekt\/","title":{"rendered":"Nederland 3 en Radio 10 allebei 25 jaar"},"content":{"rendered":"<p style=\"text-align: justify;\"><strong><a onclick=\"javascript:pageTracker._trackPageview('\/downloads\/wp-content\/uploads\/2013\/04\/Nederland-3.jpg');\"  href=\"https:\/\/i0.wp.com\/www.jingleweb.nl\/wp-content\/uploads\/2013\/04\/Nederland-3.jpg\"><img data-attachment-id=\"13676\" data-permalink=\"https:\/\/www.jingleweb.nl\/index.php\/2013\/04\/05\/nederland-3-is-25-jaar-net-wat-je-zoekt\/nederland-3\/\" data-orig-file=\"https:\/\/i0.wp.com\/www.jingleweb.nl\/wp-content\/uploads\/2013\/04\/Nederland-3-e1365058799376.jpg?fit=520%2C255&amp;ssl=1\" data-orig-size=\"520,255\" data-comments-opened=\"0\" data-image-meta=\"{&quot;aperture&quot;:&quot;0&quot;,&quot;credit&quot;:&quot;&quot;,&quot;camera&quot;:&quot;&quot;,&quot;caption&quot;:&quot;&quot;,&quot;created_timestamp&quot;:&quot;0&quot;,&quot;copyright&quot;:&quot;&quot;,&quot;focal_length&quot;:&quot;0&quot;,&quot;iso&quot;:&quot;0&quot;,&quot;shutter_speed&quot;:&quot;0&quot;,&quot;title&quot;:&quot;&quot;}\" data-image-title=\"Nederland 3\" data-image-description=\"\" data-image-caption=\"\" data-medium-file=\"https:\/\/i0.wp.com\/www.jingleweb.nl\/wp-content\/uploads\/2013\/04\/Nederland-3-e1365058799376.jpg?fit=300%2C147&amp;ssl=1\" data-large-file=\"https:\/\/i0.wp.com\/www.jingleweb.nl\/wp-content\/uploads\/2013\/04\/Nederland-3-e1365058799376.jpg?fit=520%2C255&amp;ssl=1\" decoding=\"async\" loading=\"lazy\" class=\"aligncenter size-full wp-image-13676\" title=\"Nederland 3\" src=\"https:\/\/i0.wp.com\/www.jingleweb.nl\/wp-content\/uploads\/2013\/04\/Nederland-3-e1365058799376.jpg?resize=520%2C255\" alt=\"\" width=\"520\" height=\"255\" data-recalc-dims=\"1\" \/><\/a>05.03.2013<\/strong> &#8211; Net wat je zoekt. Met\u00a0die slogan ging gisteren 25 jaar geleden, 4 april 1988, Nederland 3 van start. &#8220;De grootste verhuizing van Nederland&#8221; noemde nieuwslezer Joop van Zijl het destijds in een promo. Het was 1988. Sport ging naar Nederland 3, evenals Sesamstraat en het nieuws. Toen was de zenderkleuring tenminste nog een beetje overzichtelijk. In februari 1988 waren er al proefuitzendingen geweest van Nederland 3, tijdens de Olympische Winterspelen in Calgary. Er zijn trouwens ooit plannen geweest om de zender vanaf het begin af aan samen met de Belgische TV te vullen. Nooit doorgegaan! De hele set promo&#8217;s voor Nederland 3 is niet echt boeiend om terug te horen. Wel 1 onderdeel eruit: het liedje dat <a onclick=\"javascript:pageTracker._trackPageview('\/outgoing\/soundcloud.com\/jingleweb\/nederland-3-promo-drs-p');\"  href=\"https:\/\/soundcloud.com\/jingleweb\/nederland-3-promo-drs-p\" target=\"_blank\">Drs. P<\/a>. speciaal voor de start van de zender maakte. Uniek, en heel bijzonder om terug te horen. En vooral knap, omdat het lied de belangrijkste peilers van de nieuwe programmering bevat. En gemaakt in dezelfde toonhoogte als de tunes van Tonny Eyk. Nederland 3 mag dan 25 jaar oud zijn, Drs. P. is inmiddels 93. Hopelijk is hij nog lang onder ons. En wie de leaders van Nederland 3 nog eens wil zien kijkt <a onclick=\"javascript:pageTracker._trackPageview('\/outgoing\/www.youtube.com\/watch?v=xni95sR6bCo');\"  href=\"http:\/\/www.youtube.com\/watch?v=xni95sR6bCo\" target=\"_blank\">HIER<\/a>.<br \/>\n<a onclick=\"javascript:pageTracker._trackPageview('\/downloads\/wp-content\/uploads\/2013\/04\/Ferry-Maat-bij-Radio-10-bron-foto-Facebook-Ferry-Maat.jpg');\"  href=\"https:\/\/i0.wp.com\/www.jingleweb.nl\/wp-content\/uploads\/2013\/04\/Ferry-Maat-bij-Radio-10-bron-foto-Facebook-Ferry-Maat.jpg\"><img data-attachment-id=\"13685\" data-permalink=\"https:\/\/www.jingleweb.nl\/index.php\/2013\/04\/05\/nederland-3-is-25-jaar-net-wat-je-zoekt\/ferry-maat-bij-radio-10-bron-foto-facebook-ferry-maat\/\" data-orig-file=\"https:\/\/i0.wp.com\/www.jingleweb.nl\/wp-content\/uploads\/2013\/04\/Ferry-Maat-bij-Radio-10-bron-foto-Facebook-Ferry-Maat.jpg?fit=867%2C532&amp;ssl=1\" data-orig-size=\"867,532\" data-comments-opened=\"0\" data-image-meta=\"{&quot;aperture&quot;:&quot;0&quot;,&quot;credit&quot;:&quot;&quot;,&quot;camera&quot;:&quot;&quot;,&quot;caption&quot;:&quot;&quot;,&quot;created_timestamp&quot;:&quot;0&quot;,&quot;copyright&quot;:&quot;&quot;,&quot;focal_length&quot;:&quot;0&quot;,&quot;iso&quot;:&quot;0&quot;,&quot;shutter_speed&quot;:&quot;0&quot;,&quot;title&quot;:&quot;&quot;}\" data-image-title=\"Ferry Maat bij Radio 10 &#8211; bron foto Facebook Ferry Maat\" data-image-description=\"\" data-image-caption=\"\" data-medium-file=\"https:\/\/i0.wp.com\/www.jingleweb.nl\/wp-content\/uploads\/2013\/04\/Ferry-Maat-bij-Radio-10-bron-foto-Facebook-Ferry-Maat.jpg?fit=300%2C184&amp;ssl=1\" data-large-file=\"https:\/\/i0.wp.com\/www.jingleweb.nl\/wp-content\/uploads\/2013\/04\/Ferry-Maat-bij-Radio-10-bron-foto-Facebook-Ferry-Maat.jpg?fit=867%2C532&amp;ssl=1\" decoding=\"async\" loading=\"lazy\" class=\"alignleft size-medium wp-image-13685\" title=\"Ferry Maat bij Radio 10 - bron foto Facebook Ferry Maat\" src=\"https:\/\/i0.wp.com\/www.jingleweb.nl\/wp-content\/uploads\/2013\/04\/Ferry-Maat-bij-Radio-10-bron-foto-Facebook-Ferry-Maat.jpg?resize=300%2C184\" alt=\"\" width=\"300\" height=\"184\" srcset=\"https:\/\/i0.wp.com\/www.jingleweb.nl\/wp-content\/uploads\/2013\/04\/Ferry-Maat-bij-Radio-10-bron-foto-Facebook-Ferry-Maat.jpg?resize=300%2C184&amp;ssl=1 300w, https:\/\/i0.wp.com\/www.jingleweb.nl\/wp-content\/uploads\/2013\/04\/Ferry-Maat-bij-Radio-10-bron-foto-Facebook-Ferry-Maat.jpg?w=867&amp;ssl=1 867w\" sizes=\"(max-width: 300px) 100vw, 300px\" data-recalc-dims=\"1\" \/><\/a>Radiofans als wij zijn, hadden we natuurlijk eerst moeten melden dat Radio 10 (Gold) gisteren ook 25 jaar bestond. En dus was er een feestje. Op de radio, en daarna in besloten kring. Luisteraars konden weer meedoen met 50 Pop Of Een Envelop, de beste oude fragmenten werden uitgezonden, zoals De Verbogen Telefoon, nieuwslezer Ron Bisschop keerde voor \u00e9\u00e9n keer terug \u00e9n er schoven \u2019s ochtends\u00a0bij Ren\u00e9 Verkerk oud-DJ\u2019s aan! O.a. Tom Mulder, Dave Donkervoort, Jos van Heerden en Peter Rijsenbrij. En wij van Jingleweb maakten een <a onclick=\"javascript:pageTracker._trackPageview('\/downloads\/wp-content\/uploads\/2013\/04\/Radio10.mp3');\"  href=\"http:\/\/www.jingleweb.nl\/wp-content\/uploads\/2013\/04\/Radio10.mp3\">compilatie<\/a> met naamjingles uit de eerste lichting Radio 10. Op de foto: Ferry Maat bij Radio 10. En voor wie het nog niet wist: Ferry eet Top Drop.<\/p>\n","protected":false},"excerpt":{"rendered":"<p>05.03.2013 &#8211; Net wat je zoekt. Met\u00a0die slogan ging gisteren 25 jaar geleden, 4 april 1988, Nederland 3 van start. &#8220;De grootste verhuizing van Nederland&#8221; noemde nieuwslezer Joop van Zijl het destijds in een promo. Het was 1988. Sport ging naar Nederland 3, evenals Sesamstraat en het nieuws. Toen was de zenderkleuring tenminste nog een [&hellip;]<\/p>\n","protected":false},"author":3,"featured_media":0,"comment_status":"closed","ping_status":"closed","sticky":false,"template":"","format":"standard","meta":{"_monsterinsights_skip_tracking":false,"_monsterinsights_sitenote_active":false,"_monsterinsights_sitenote_note":"","_monsterinsights_sitenote_category":0,"jetpack_post_was_ever_published":false,"_jetpack_newsletter_access":"","footnotes":"","jetpack_publicize_message":"","jetpack_is_tweetstorm":false,"jetpack_publicize_feature_enabled":true,"jetpack_social_post_already_shared":false,"jetpack_social_options":{"image_generator_settings":{"template":"highway","enabled":false}}},"categories":[98,514,411,99,1038,492,614],"tags":[],"jetpack_publicize_connections":[],"yoast_head":"<!-- This site is optimized with the Yoast SEO Premium plugin v20.13 (Yoast SEO v20.13) - https:\/\/yoast.com\/wordpress\/plugins\/seo\/ -->\n<title>Nederland 3 en Radio 10 allebei 25 jaar - Over radiojingles en radiotunes<\/title>\n<meta name=\"robots\" content=\"index, follow, max-snippet:-1, max-image-preview:large, max-video-preview:-1\" \/>\n<link rel=\"canonical\" href=\"https:\/\/www.jingleweb.nl\/index.php\/2013\/04\/05\/nederland-3-is-25-jaar-net-wat-je-zoekt\/\" \/>\n<meta property=\"og:locale\" content=\"nl_NL\" \/>\n<meta property=\"og:type\" content=\"article\" \/>\n<meta property=\"og:title\" content=\"Nederland 3 en Radio 10 allebei 25 jaar\" \/>\n<meta property=\"og:description\" content=\"05.03.2013 &#8211; Net wat je zoekt. Met\u00a0die slogan ging gisteren 25 jaar geleden, 4 april 1988, Nederland 3 van start. &#8220;De grootste verhuizing van Nederland&#8221; noemde nieuwslezer Joop van Zijl het destijds in een promo. Het was 1988. Sport ging naar Nederland 3, evenals Sesamstraat en het nieuws. Toen was de zenderkleuring tenminste nog een [&hellip;]\" \/>\n<meta property=\"og:url\" content=\"https:\/\/www.jingleweb.nl\/index.php\/2013\/04\/05\/nederland-3-is-25-jaar-net-wat-je-zoekt\/\" \/>\n<meta property=\"og:site_name\" content=\"Over radiojingles en radiotunes\" \/>\n<meta property=\"article:published_time\" content=\"2013-04-05T05:00:05+00:00\" \/>\n<meta property=\"article:modified_time\" content=\"2013-04-04T17:50:17+00:00\" \/>\n<meta property=\"og:image\" content=\"http:\/\/www.jingleweb.nl\/wp-content\/uploads\/2013\/04\/Nederland-3-e1365058799376.jpg\" \/>\n<meta name=\"author\" content=\"Redactie\" \/>\n<meta name=\"twitter:label1\" content=\"Geschreven door\" \/>\n\t<meta name=\"twitter:data1\" content=\"Redactie\" \/>\n\t<meta name=\"twitter:label2\" content=\"Geschatte leestijd\" \/>\n\t<meta name=\"twitter:data2\" content=\"1 minuut\" \/>\n<script type=\"application\/ld+json\" class=\"yoast-schema-graph\">{\"@context\":\"https:\/\/schema.org\",\"@graph\":[{\"@type\":\"WebPage\",\"@id\":\"https:\/\/www.jingleweb.nl\/index.php\/2013\/04\/05\/nederland-3-is-25-jaar-net-wat-je-zoekt\/\",\"url\":\"https:\/\/www.jingleweb.nl\/index.php\/2013\/04\/05\/nederland-3-is-25-jaar-net-wat-je-zoekt\/\",\"name\":\"Nederland 3 en Radio 10 allebei 25 jaar - Over radiojingles en radiotunes\",\"isPartOf\":{\"@id\":\"https:\/\/www.jingleweb.nl\/#website\"},\"datePublished\":\"2013-04-05T05:00:05+00:00\",\"dateModified\":\"2013-04-04T17:50:17+00:00\",\"author\":{\"@id\":\"https:\/\/www.jingleweb.nl\/#\/schema\/person\/b3983b82219b6ec653c5f51389a7cb14\"},\"breadcrumb\":{\"@id\":\"https:\/\/www.jingleweb.nl\/index.php\/2013\/04\/05\/nederland-3-is-25-jaar-net-wat-je-zoekt\/#breadcrumb\"},\"inLanguage\":\"nl-NL\",\"potentialAction\":[{\"@type\":\"ReadAction\",\"target\":[\"https:\/\/www.jingleweb.nl\/index.php\/2013\/04\/05\/nederland-3-is-25-jaar-net-wat-je-zoekt\/\"]}]},{\"@type\":\"BreadcrumbList\",\"@id\":\"https:\/\/www.jingleweb.nl\/index.php\/2013\/04\/05\/nederland-3-is-25-jaar-net-wat-je-zoekt\/#breadcrumb\",\"itemListElement\":[{\"@type\":\"ListItem\",\"position\":1,\"name\":\"Home\",\"item\":\"https:\/\/www.jingleweb.nl\/\"},{\"@type\":\"ListItem\",\"position\":2,\"name\":\"Nederland 3 en Radio 10 allebei 25 jaar\"}]},{\"@type\":\"WebSite\",\"@id\":\"https:\/\/www.jingleweb.nl\/#website\",\"url\":\"https:\/\/www.jingleweb.nl\/\",\"name\":\"Over radiojingles en radiotunes\",\"description\":\"\",\"potentialAction\":[{\"@type\":\"SearchAction\",\"target\":{\"@type\":\"EntryPoint\",\"urlTemplate\":\"https:\/\/www.jingleweb.nl\/?s={search_term_string}\"},\"query-input\":\"required name=search_term_string\"}],\"inLanguage\":\"nl-NL\"},{\"@type\":\"Person\",\"@id\":\"https:\/\/www.jingleweb.nl\/#\/schema\/person\/b3983b82219b6ec653c5f51389a7cb14\",\"name\":\"Redactie\",\"image\":{\"@type\":\"ImageObject\",\"inLanguage\":\"nl-NL\",\"@id\":\"https:\/\/www.jingleweb.nl\/#\/schema\/person\/image\/\",\"url\":\"https:\/\/secure.gravatar.com\/avatar\/38eb0bd2d9d314aa5239172a231319fb?s=96&d=mm&r=g\",\"contentUrl\":\"https:\/\/secure.gravatar.com\/avatar\/38eb0bd2d9d314aa5239172a231319fb?s=96&d=mm&r=g\",\"caption\":\"Redactie\"},\"sameAs\":[\"http:\/\/jingleweb.nl\"],\"url\":\"https:\/\/www.jingleweb.nl\/index.php\/author\/benno\/\"}]}<\/script>\n<!-- \/ Yoast SEO Premium plugin. -->","yoast_head_json":{"title":"Nederland 3 en Radio 10 allebei 25 jaar - Over radiojingles en radiotunes","robots":{"index":"index","follow":"follow","max-snippet":"max-snippet:-1","max-image-preview":"max-image-preview:large","max-video-preview":"max-video-preview:-1"},"canonical":"https:\/\/www.jingleweb.nl\/index.php\/2013\/04\/05\/nederland-3-is-25-jaar-net-wat-je-zoekt\/","og_locale":"nl_NL","og_type":"article","og_title":"Nederland 3 en Radio 10 allebei 25 jaar","og_description":"05.03.2013 &#8211; Net wat je zoekt. Met\u00a0die slogan ging gisteren 25 jaar geleden, 4 april 1988, Nederland 3 van start. &#8220;De grootste verhuizing van Nederland&#8221; noemde nieuwslezer Joop van Zijl het destijds in een promo. Het was 1988. Sport ging naar Nederland 3, evenals Sesamstraat en het nieuws. Toen was de zenderkleuring tenminste nog een [&hellip;]","og_url":"https:\/\/www.jingleweb.nl\/index.php\/2013\/04\/05\/nederland-3-is-25-jaar-net-wat-je-zoekt\/","og_site_name":"Over radiojingles en radiotunes","article_published_time":"2013-04-05T05:00:05+00:00","article_modified_time":"2013-04-04T17:50:17+00:00","og_image":[{"url":"http:\/\/www.jingleweb.nl\/wp-content\/uploads\/2013\/04\/Nederland-3-e1365058799376.jpg"}],"author":"Redactie","twitter_misc":{"Geschreven door":"Redactie","Geschatte leestijd":"1 minuut"},"schema":{"@context":"https:\/\/schema.org","@graph":[{"@type":"WebPage","@id":"https:\/\/www.jingleweb.nl\/index.php\/2013\/04\/05\/nederland-3-is-25-jaar-net-wat-je-zoekt\/","url":"https:\/\/www.jingleweb.nl\/index.php\/2013\/04\/05\/nederland-3-is-25-jaar-net-wat-je-zoekt\/","name":"Nederland 3 en Radio 10 allebei 25 jaar - Over radiojingles en radiotunes","isPartOf":{"@id":"https:\/\/www.jingleweb.nl\/#website"},"datePublished":"2013-04-05T05:00:05+00:00","dateModified":"2013-04-04T17:50:17+00:00","author":{"@id":"https:\/\/www.jingleweb.nl\/#\/schema\/person\/b3983b82219b6ec653c5f51389a7cb14"},"breadcrumb":{"@id":"https:\/\/www.jingleweb.nl\/index.php\/2013\/04\/05\/nederland-3-is-25-jaar-net-wat-je-zoekt\/#breadcrumb"},"inLanguage":"nl-NL","potentialAction":[{"@type":"ReadAction","target":["https:\/\/www.jingleweb.nl\/index.php\/2013\/04\/05\/nederland-3-is-25-jaar-net-wat-je-zoekt\/"]}]},{"@type":"BreadcrumbList","@id":"https:\/\/www.jingleweb.nl\/index.php\/2013\/04\/05\/nederland-3-is-25-jaar-net-wat-je-zoekt\/#breadcrumb","itemListElement":[{"@type":"ListItem","position":1,"name":"Home","item":"https:\/\/www.jingleweb.nl\/"},{"@type":"ListItem","position":2,"name":"Nederland 3 en Radio 10 allebei 25 jaar"}]},{"@type":"WebSite","@id":"https:\/\/www.jingleweb.nl\/#website","url":"https:\/\/www.jingleweb.nl\/","name":"Over radiojingles en radiotunes","description":"","potentialAction":[{"@type":"SearchAction","target":{"@type":"EntryPoint","urlTemplate":"https:\/\/www.jingleweb.nl\/?s={search_term_string}"},"query-input":"required name=search_term_string"}],"inLanguage":"nl-NL"},{"@type":"Person","@id":"https:\/\/www.jingleweb.nl\/#\/schema\/person\/b3983b82219b6ec653c5f51389a7cb14","name":"Redactie","image":{"@type":"ImageObject","inLanguage":"nl-NL","@id":"https:\/\/www.jingleweb.nl\/#\/schema\/person\/image\/","url":"https:\/\/secure.gravatar.com\/avatar\/38eb0bd2d9d314aa5239172a231319fb?s=96&d=mm&r=g","contentUrl":"https:\/\/secure.gravatar.com\/avatar\/38eb0bd2d9d314aa5239172a231319fb?s=96&d=mm&r=g","caption":"Redactie"},"sameAs":["http:\/\/jingleweb.nl"],"url":"https:\/\/www.jingleweb.nl\/index.php\/author\/benno\/"}]}},"jetpack_featured_media_url":"","jetpack_sharing_enabled":true,"jetpack_shortlink":"https:\/\/wp.me\/p7g4ku-3yy","jetpack-related-posts":[{"id":21656,"url":"https:\/\/www.jingleweb.nl\/index.php\/2015\/06\/14\/drs-p-overleden-herinnering\/","url_meta":{"origin":13674,"position":0},"title":"Drs. P overleden. Een herinnering&#8230;","author":"Redactie","date":"14 juni 2015","format":false,"excerpt":"14.06.2015\u00a0- Het slechte nieuws moest een keer komen, vandaag is het helaas zo ver. Drs. P is overleden, gistermiddag, in Amsterdam, op 95-jarige leeftijd. \u00a0In 2009 kreeg Heinz Polzer (want zo heette de Drs. in het 'echt') in het Vondelpark in Amsterdam nog een prachtig hommage, waar hij nog relatief\u2026","rel":"","context":"In &quot;Drs. P.&quot;","block_context":{"text":"Drs. P.","link":"https:\/\/www.jingleweb.nl\/index.php\/category\/drs-p\/"},"img":{"alt_text":"DRS.P - HEIN POLZER foto ANP","src":"https:\/\/i0.wp.com\/www.jingleweb.nl\/wp-content\/uploads\/2015\/06\/Drs.-P.-foto-NOS-ANP.jpg?resize=350%2C200","width":350,"height":200},"classes":[]},{"id":36167,"url":"https:\/\/www.jingleweb.nl\/index.php\/2025\/07\/20\/tune-radio-nederland-wereldomroep-op-herhaling\/","url_meta":{"origin":13674,"position":1},"title":"Tune Radio Nederland wereldomroep op herhaling","author":"Redactie","date":"20 juli 2025","format":false,"excerpt":"20.07.2025 - Merck toch hoe sterck was er dagelijks te horen voordat het offici\u00eble programma begon - met frequentie-informatie in diverse talen. De carillonklanken kregen meteen iets magisch, als je ze door het atmosferische geknetter en fading van het signaal op korte golf uit de radio hoorde komen. Eigenlijk was\u2026","rel":"","context":"In &quot;Jingles&quot;","block_context":{"text":"Jingles","link":"https:\/\/www.jingleweb.nl\/index.php\/category\/jingles\/"},"img":{"alt_text":"","src":"https:\/\/i0.wp.com\/www.jingleweb.nl\/wp-content\/uploads\/2025\/07\/Carillon.jpg?resize=350%2C200&ssl=1","width":350,"height":200},"classes":[]},{"id":32631,"url":"https:\/\/www.jingleweb.nl\/index.php\/2023\/01\/01\/nooit-op-de-radio-geweest-superadio-jingles-van-jam-en-abc\/","url_meta":{"origin":13674,"position":2},"title":"Nooit op de radio geweest: Superadio jingles van JAM en ABC","author":"Redactie","date":"1 januari 2023","format":false,"excerpt":"01.01.2023 - Wij, de makers van Jingleweb (Jelle Boonstra en Benno Roozen) wensen jou en jullie een gelukkig, gezond en jinglerijk 2023 toe. ++++Jingleproducent JAM in Dallas en topman Jon Wolfert hebben er een jaar aan gewerkt en er h\u00e9\u00e9l veel geld mee verdiend. Maar de oorspronkelijke jingles zijn nooit\u2026","rel":"","context":"In &quot;Jingles&quot;","block_context":{"text":"Jingles","link":"https:\/\/www.jingleweb.nl\/index.php\/category\/jingles\/"},"img":{"alt_text":"","src":"https:\/\/i0.wp.com\/www.jingleweb.nl\/wp-content\/uploads\/2022\/12\/De-Clock-van-Superadio.jpg?resize=350%2C200&ssl=1","width":350,"height":200},"classes":[]},{"id":5310,"url":"https:\/\/www.jingleweb.nl\/index.php\/2010\/11\/08\/jing-jingeling-op-wereldomroep\/","url_meta":{"origin":13674,"position":3},"title":"Jing-jingeling op de Wereldomroep","author":"Redactie","date":"8 november 2010","format":false,"excerpt":"08.11.2010 - Radio Nederland Wereldomroep maakte in het verleden enkele prettige en goed gedocumenteerde programma's over jingles, want de maker - Jonathan Marks - is een toegewijde jingle-fan. Sinds deze maand staat een uitzending online, die in 1994 werd gemaakt, en waarin Jon Wolfert van jinglemaatschappij JAM uitgebreid aan het\u2026","rel":"","context":"In &quot;JAM&quot;","block_context":{"text":"JAM","link":"https:\/\/www.jingleweb.nl\/index.php\/category\/jam\/"},"img":{"alt_text":"","src":"https:\/\/i0.wp.com\/www.jingleweb.nl\/wp-content\/uploads\/2010\/11\/RNW-gebouw.jpg?resize=350%2C200","width":350,"height":200},"classes":[]},{"id":28221,"url":"https:\/\/www.jingleweb.nl\/index.php\/2019\/01\/10\/en-daar-gaan-de-laatste-middengolf-masten\/","url_meta":{"origin":13674,"position":4},"title":"En d\u00e1\u00e1r gaan de laatste middengolf-masten","author":"Redactie","date":"10 januari 2019","format":false,"excerpt":"10.01.2019 - Opeens is het tijdperk van de grote middengolfzenders in Nederland tot een einde gekomen. Doek! Applaus! Weemoed! Woensdag werden namelijk de\u00a0 twee AM-masten opgeblazen van Zendstation Zeewolde. Met dynamiet werden kabels die de enorme antennes overeind hielden opgeblazen, en in nog geen 12 seconden was het daarna gedaan\u2026","rel":"","context":"In &quot;Jingles&quot;","block_context":{"text":"Jingles","link":"https:\/\/www.jingleweb.nl\/index.php\/category\/jingles\/"},"img":{"alt_text":"","src":"https:\/\/i0.wp.com\/www.jingleweb.nl\/wp-content\/uploads\/2019\/01\/Zenders-AM-747-03.jpg?resize=350%2C200","width":350,"height":200,"srcset":"https:\/\/i0.wp.com\/www.jingleweb.nl\/wp-content\/uploads\/2019\/01\/Zenders-AM-747-03.jpg?resize=350%2C200 1x, https:\/\/i0.wp.com\/www.jingleweb.nl\/wp-content\/uploads\/2019\/01\/Zenders-AM-747-03.jpg?resize=525%2C300 1.5x, https:\/\/i0.wp.com\/www.jingleweb.nl\/wp-content\/uploads\/2019\/01\/Zenders-AM-747-03.jpg?resize=700%2C400 2x, https:\/\/i0.wp.com\/www.jingleweb.nl\/wp-content\/uploads\/2019\/01\/Zenders-AM-747-03.jpg?resize=1050%2C600 3x, https:\/\/i0.wp.com\/www.jingleweb.nl\/wp-content\/uploads\/2019\/01\/Zenders-AM-747-03.jpg?resize=1400%2C800 4x"},"classes":[]},{"id":28898,"url":"https:\/\/www.jingleweb.nl\/index.php\/2019\/06\/19\/spirit-het-jongste-jinglebedrijf-van-nederland\/","url_meta":{"origin":13674,"position":5},"title":"SPIRIT, het jongste jinglebedrijf van Nederland","author":"Redactie","date":"19 juni 2019","format":false,"excerpt":"SPIRIT is het jongste jinglebedrijf van Nederland","rel":"","context":"In &quot;Jingles&quot;","block_context":{"text":"Jingles","link":"https:\/\/www.jingleweb.nl\/index.php\/category\/jingles\/"},"img":{"alt_text":"","src":"https:\/\/i0.wp.com\/www.jingleweb.nl\/wp-content\/uploads\/2019\/06\/Spirit-zangeres-1.jpg?resize=350%2C200&ssl=1","width":350,"height":200},"classes":[]}],"_links":{"self":[{"href":"https:\/\/www.jingleweb.nl\/index.php\/wp-json\/wp\/v2\/posts\/13674"}],"collection":[{"href":"https:\/\/www.jingleweb.nl\/index.php\/wp-json\/wp\/v2\/posts"}],"about":[{"href":"https:\/\/www.jingleweb.nl\/index.php\/wp-json\/wp\/v2\/types\/post"}],"author":[{"embeddable":true,"href":"https:\/\/www.jingleweb.nl\/index.php\/wp-json\/wp\/v2\/users\/3"}],"replies":[{"embeddable":true,"href":"https:\/\/www.jingleweb.nl\/index.php\/wp-json\/wp\/v2\/comments?post=13674"}],"version-history":[{"count":14,"href":"https:\/\/www.jingleweb.nl\/index.php\/wp-json\/wp\/v2\/posts\/13674\/revisions"}],"predecessor-version":[{"id":21655,"href":"https:\/\/www.jingleweb.nl\/index.php\/wp-json\/wp\/v2\/posts\/13674\/revisions\/21655"}],"wp:attachment":[{"href":"https:\/\/www.jingleweb.nl\/index.php\/wp-json\/wp\/v2\/media?parent=13674"}],"wp:term":[{"taxonomy":"category","embeddable":true,"href":"https:\/\/www.jingleweb.nl\/index.php\/wp-json\/wp\/v2\/categories?post=13674"},{"taxonomy":"post_tag","embeddable":true,"href":"https:\/\/www.jingleweb.nl\/index.php\/wp-json\/wp\/v2\/tags?post=13674"}],"curies":[{"name":"wp","href":"https:\/\/api.w.org\/{rel}","templated":true}]}}